{"id":20869,"date":"2025-12-11T10:32:53","date_gmt":"2025-12-11T09:32:53","guid":{"rendered":"https:\/\/etl-ilia.es\/?p=20869"},"modified":"2026-01-12T12:27:22","modified_gmt":"2026-01-12T11:27:22","slug":"regulatory-tax-changes-2026-smes","status":"publish","type":"post","link":"https:\/\/etl-ilia.es\/en\/tax-advice-blog\/regulatory-tax-changes-2026-smes\/","title":{"rendered":"Regulatory and tax changes expected for 2026: contributions, taxation and corporate obligations for SMEs"},"content":{"rendered":"<p><div class=\"fusion-fullwidth fullwidth-box fusion-builder-row-1 fusion-flex-container has-pattern-background has-mask-background nonhundred-percent-fullwidth non-hundred-percent-height-scrolling\" style=\"--awb-border-radius-top-left:0px;--awb-border-radius-top-right:0px;--awb-border-radius-bottom-right:0px;--awb-border-radius-bottom-left:0px;--awb-flex-wrap:wrap;\" ><div class=\"fusion-builder-row fusion-row fusion-flex-align-items-flex-start fusion-flex-content-wrap\" style=\"max-width:1248px;margin-left: calc(-4% \/ 2 );margin-right: calc(-4% \/ 2 );\"><div class=\"fusion-layout-column fusion_builder_column fusion-builder-column-0 fusion_builder_column_1_1 1_1 fusion-flex-column fusion-animated small-column\" style=\"--awb-padding-bottom:20px;--awb-bg-size:cover;--awb-width-large:100%;--awb-margin-top-large:0px;--awb-spacing-right-large:1.92%;--awb-margin-bottom-large:20px;--awb-spacing-left-large:1.92%;--awb-width-medium:100%;--awb-order-medium:0;--awb-spacing-right-medium:1.92%;--awb-spacing-left-medium:1.92%;--awb-width-small:100%;--awb-order-small:0;--awb-spacing-right-small:1.92%;--awb-spacing-left-small:1.92%;\" data-animationType=\"fadeInUp\" data-animationDuration=\"0.4\" data-animationOffset=\"top-into-view\"><div class=\"fusion-column-wrapper fusion-column-has-shadow fusion-flex-justify-content-flex-start fusion-content-layout-column\"><div class=\"fusion-title title fusion-title-1 fusion-sep-none fusion-title-text fusion-title-size-div\" style=\"--awb-text-color:var(--awb-custom13);--awb-margin-top-small:0px;--awb-margin-right-small:0px;--awb-margin-bottom-small:10px;--awb-margin-left-small:0px;--awb-font-size:18px;\"><div class=\"fusion-title-heading title-heading-left title-heading-tag fusion-responsive-typography-calculated\" style=\"margin:0;font-size:1em;--fontSize:18;--minFontSize:18;line-height:1.6;\"><p><strong data-start=\"345\" data-end=\"546\">The year 2026 arrives without major fiscal reforms formally approved in the Official State Gazette. Still, several changes already in force will directly affect SMEs and self-employed workers.<\/strong><\/p>\n<p>The increase in the MEI contribution, the continuity of the income-based system for self-employed workers, the updated VERIFACTU calendar, and the reinforcement of labour obligations will shape businesses&#8217; day-to-day operations throughout the year.<\/p><\/div><\/div><div class=\"fusion-separator fusion-full-width-sep\" style=\"align-self: center;margin-left: auto;margin-right: auto;margin-top:30px;width:100%;\"><\/div><div class=\"fusion-title title fusion-title-2 fusion-sep-none fusion-title-text fusion-title-size-two\" style=\"--awb-text-color:var(--awb-color6);--awb-margin-bottom:15px;--awb-margin-top-small:0px;--awb-margin-right-small:0px;--awb-margin-bottom-small:10px;--awb-margin-left-small:0px;--awb-font-size:26px;\"><h2 class=\"fusion-title-heading title-heading-left fusion-responsive-typography-calculated\" style=\"margin:0;font-size:1em;--fontSize:26;line-height:1.3;\"><strong data-start=\"806\" data-end=\"877\">1. Social security contributions in 2026: what is already confirmed<\/strong><\/h2><\/div><div class=\"fusion-text fusion-text-1\" style=\"--awb-text-color:var(--awb-custom13);\"><p><strong data-start=\"883\" data-end=\"927\">The MEI increases to 0.9 per cent in 2026<\/strong><\/p>\n<p>The <strong data-start=\"934\" data-end=\"978\">Intergenerational Equity Mechanism (MEI)<\/strong> continues its phased deployment.\u00a0<span style=\"box-sizing: border-box; margin: 0px; padding: 0px;\">In 2026, the additional contribution will be\u00a0<strong>0.9 per cent of the contribution base<\/strong>,\u00a0<span style=\"box-sizing: border-box; margin: 0px; padding: 0px;\">with\u00a0<strong>0.75 per cent <\/strong><\/span><strong>paid by the employer<\/strong>\u00a0and\u00a0<strong>0.15 per cent by the employee<\/strong>.<\/span>\u00a0This increase, aimed at strengthening the Social Security Reserve Fund, will directly affect the labour cost structure of any organisation.<\/p>\n<p>For SMEs, this adjustment requires <strong data-start=\"1363\" data-end=\"1405\">revising budgets and payroll forecasts<\/strong>, particularly in sectors with tighter margins or collective agreements that produce significant variations in contribution bases.<\/p>\n<p data-start=\"1537\" data-end=\"1621\"><strong data-start=\"1541\" data-end=\"1619\">Contribution bases and rates: continuity until the 2026 Order is published<\/strong><\/p>\n<p>In the absence of a new General State Budget Law for 2026, the regulatory framework maintains the <strong data-start=\"1720\" data-end=\"1778\">current structure of groups, minimum and maximum bases<\/strong>. Final updates will depend on the\u00a0<span style=\"box-sizing: border-box; margin: 0px; padding: 0px;\">2026 Contribution Order and the establishment of the\u00a0<strong>2026 Minimum Wage<\/strong>, both<\/span> of which are pending.<\/p>\n<p>Until the definitive regulation is published, companies must operate under a <strong data-start=\"1995\" data-end=\"2018\">continuity scenario<\/strong>, remaining attentive to official updates to plan labour costs with accuracy.<\/p>\n<p data-start=\"2097\" data-end=\"2170\"><strong data-start=\"2101\" data-end=\"2168\">Self-employed workers: the income-based system remains in place<\/strong><\/p>\n<p>The income-based contribution system will remain fully in force in 2026. Self-employed workers may change their contribution band several times throughout the year, as in previous exercises.<\/p>\n<p>For SMEs that work with collaborating freelancers or company directors who are self-employed, it is essential to review:<\/p>\n<ul data-start=\"2485\" data-end=\"2717\">\n<li data-start=\"2485\" data-end=\"2556\"><span style=\"box-sizing: border-box; margin: 0px; padding: 0px;\">The\u00a0<strong>minimum applicable contribution base<\/strong> depends on the activity.<\/span><\/li>\n<li data-start=\"2557\" data-end=\"2619\">Band adjustments linked to real income forecasts for 2026.<\/li>\n<li data-start=\"2620\" data-end=\"2717\">The overall fiscal impact, especially when contribution levels approach higher-band thresholds.<\/li>\n<\/ul>\n<\/div><div class=\"fusion-separator fusion-full-width-sep\" style=\"align-self: center;margin-left: auto;margin-right: auto;margin-top:20px;width:100%;\"><\/div><div class=\"fusion-title title fusion-title-3 fusion-sep-none fusion-title-text fusion-title-size-two\" style=\"--awb-text-color:var(--awb-color6);--awb-margin-bottom:20px;--awb-margin-top-small:0px;--awb-margin-right-small:0px;--awb-margin-bottom-small:10px;--awb-margin-left-small:0px;--awb-font-size:26px;\"><h2 class=\"fusion-title-heading title-heading-left fusion-responsive-typography-calculated\" style=\"margin:0;font-size:1em;--fontSize:26;line-height:1.38;\"><strong data-start=\"2722\" data-end=\"2798\">2. State taxation: limited changes while there is no approved Budget Law<\/strong><\/h2><\/div><div class=\"fusion-text fusion-text-2\" style=\"--awb-text-color:var(--awb-custom13);\"><p data-start=\"2800\" data-end=\"2866\"><strong data-start=\"2804\" data-end=\"2864\">2026 begins without an approved General State Budget Law<\/strong><\/p>\n<p data-start=\"2867\" data-end=\"3105\">The absence of a new Budget Law means that <strong data-start=\"2910\" data-end=\"2953\">the 2025 tax rules will remain in force<\/strong> until a new law is approved. Personal income tax, VAT, and corporate tax will remain unchanged, with no material changes for most SMEs.<\/p>\n<p data-start=\"3107\" data-end=\"3260\">The most significant future amendments will depend on the eventual approval of the <strong data-start=\"3190\" data-end=\"3209\">2026 Budget Law; therefore, a prudent planning approach<\/strong>\u00a0is recommended.<\/p>\n<p data-start=\"3262\" data-end=\"3308\"><strong data-start=\"3266\" data-end=\"3306\">Law 7\/2024: indirect impact for SMEs<\/strong><\/p>\n<p data-start=\"3309\" data-end=\"3610\">Some measures already in force, such as the <strong data-start=\"3353\" data-end=\"3425\">minimum effective 15 per cent tax rate for large international groups<\/strong> or temporary levies on banking and energy companies, <strong data-start=\"3479\" data-end=\"3519\">do not directly affect ordinary SMEs<\/strong>. However, they may influence corporate service costs if providers apply price adjustments.<\/p>\n<p data-start=\"3612\" data-end=\"3742\">It is advisable to monitor conditions offered by strategic suppliers, particularly in banking, energy, and technological services.<\/p>\n<p data-start=\"3744\" data-end=\"3811\"><strong data-start=\"3748\" data-end=\"3809\">The 2026 modules regime: continuity without significant changes<\/strong><\/p>\n<p data-start=\"3812\" data-end=\"4122\">The <strong data-start=\"3816\" data-end=\"3857\">objective estimation regime (modules)<\/strong> for personal income tax and the simplified VAT regime will continue for another year, with parameters that are practically identical to those applied in 2025. The final ministerial order has not yet been published, but is expected to maintain the current framework.<\/p>\n<p data-start=\"4124\" data-end=\"4340\">For small businesses and self-employed workers using modules, 2026 is expected to be a year of <strong data-start=\"4219\" data-end=\"4232\">stability<\/strong>, although it is advisable to consider alternative scenarios for future years should the regime be reformed.<\/p>\n<\/div><div class=\"fusion-separator fusion-full-width-sep\" style=\"align-self: center;margin-left: auto;margin-right: auto;margin-top:20px;width:100%;\"><\/div><div class=\"fusion-title title fusion-title-4 fusion-sep-none fusion-title-text fusion-title-size-two\" style=\"--awb-text-color:var(--awb-color6);--awb-margin-bottom:15px;--awb-margin-top-small:0px;--awb-margin-right-small:0px;--awb-margin-bottom-small:10px;--awb-margin-left-small:0px;--awb-font-size:26px;\"><h2 class=\"fusion-title-heading title-heading-left fusion-responsive-typography-calculated\" style=\"margin:0;font-size:1em;--fontSize:26;line-height:1.3;\"><strong data-start=\"4345\" data-end=\"4400\">3. Digital obligations: VERIFACTU postponed to 2027<\/strong><\/h2><\/div><div class=\"fusion-text fusion-text-3\" style=\"--awb-text-color:var(--awb-custom13);\"><p data-start=\"4402\" data-end=\"4433\"><strong data-start=\"4406\" data-end=\"4431\">New official calendar<\/strong><\/p>\n<p data-start=\"4434\" data-end=\"4557\">The VERI*FACTU system, originally scheduled to become mandatory in 2026, has been <strong data-start=\"4516\" data-end=\"4537\">postponed to 2027<\/strong>. The new dates are:<\/p>\n<ul data-start=\"4559\" data-end=\"4701\">\n<li data-start=\"4559\" data-end=\"4628\">\n<p data-start=\"4561\" data-end=\"4628\"><strong data-start=\"4561\" data-end=\"4579\">1 January 2027<\/strong> for companies subject to corporate income tax.<\/p>\n<\/li>\n<li data-start=\"4629\" data-end=\"4701\">\n<p data-start=\"4631\" data-end=\"4701\"><strong data-start=\"4631\" data-end=\"4646\">1 July 2027<\/strong> for SMEs, micro-enterprises and self-employed workers.<\/p>\n<\/li>\n<\/ul>\n<p data-start=\"4703\" data-end=\"4863\">The obligation remains valid in full, even though the deadlines have been extended. Failure to adapt on time will result in specific penalties under the tax regulations.<\/p>\n<p data-start=\"4865\" data-end=\"4910\"><strong data-start=\"4869\" data-end=\"4908\">What your company should do in 2026<\/strong><\/p>\n<p data-start=\"4911\" data-end=\"4998\">Despite the delay, <strong data-start=\"4930\" data-end=\"4970\">2026 is not a year to remain passive<\/strong>. It is the ideal moment to:<\/p>\n<ul data-start=\"5000\" data-end=\"5280\">\n<li data-start=\"5000\" data-end=\"5105\">\n<p data-start=\"5002\" data-end=\"5105\">Select or validate\u00a0<strong>billing software that mee<\/strong>ts the regulatory technical requirements.<\/p>\n<\/li>\n<li data-start=\"5106\" data-end=\"5163\">\n<p data-start=\"5108\" data-end=\"5163\">Review internal billing and record-keeping workflows.<\/p>\n<\/li>\n<li data-start=\"5164\" data-end=\"5210\">\n<p data-start=\"5166\" data-end=\"5210\">Train administrative and accounting teams.<\/p>\n<\/li>\n<li data-start=\"5211\" data-end=\"5280\">\n<p data-start=\"5213\" data-end=\"5280\">Prepare system integrations to avoid last-minute compliance issues.<\/p>\n<\/li>\n<\/ul>\n<p data-start=\"5282\" data-end=\"5381\">Digital billing will become mandatory, and 2026 provides a window to prepare without pressure.<\/p>\n<\/div><div class=\"fusion-separator fusion-full-width-sep\" style=\"align-self: center;margin-left: auto;margin-right: auto;margin-top:20px;width:100%;\"><\/div><div class=\"fusion-title title fusion-title-5 fusion-sep-none fusion-title-text fusion-title-size-two\" style=\"--awb-text-color:var(--awb-color6);--awb-margin-bottom:15px;--awb-margin-top-small:0px;--awb-margin-right-small:0px;--awb-margin-bottom-small:10px;--awb-margin-left-small:0px;--awb-font-size:26px;\"><h2 class=\"fusion-title-heading title-heading-left fusion-responsive-typography-calculated\" style=\"margin:0;font-size:1em;--fontSize:26;line-height:1.3;\"><strong data-start=\"5386\" data-end=\"5452\">4. Labour obligations and the focus of the Labour Inspectorate<\/strong><\/h2><\/div><div class=\"fusion-text fusion-text-4\" style=\"--awb-text-color:var(--awb-custom13);\"><p data-start=\"5454\" data-end=\"5516\"><strong data-start=\"5458\" data-end=\"5514\">Psychosocial risks and equality: absolute priorities<\/strong><\/p>\n<p data-start=\"5517\" data-end=\"5782\">The Labour Inspectorate has positioned <strong data-start=\"5556\" data-end=\"5588\">psychosocial risk prevention<\/strong> and <b>compliance with gender equality requirements<\/b> as strategic priorities for 2026. Paper compliance will not suffice; inspectors will require proof of practical implementation, communication, and monitoring.<\/p>\n<p data-start=\"5784\" data-end=\"5824\">Key elements that companies must ensure:<\/p>\n<ul data-start=\"5826\" data-end=\"6057\">\n<li data-start=\"5826\" data-end=\"5872\">\n<p data-start=\"5828\" data-end=\"5872\">Updated <strong data-start=\"5836\" data-end=\"5869\">psychosocial risk assessments<\/strong>.<\/p>\n<\/li>\n<li data-start=\"5873\" data-end=\"5963\">\n<p data-start=\"5875\" data-end=\"5963\">An\u00a0<span style=\"box-sizing: border-box; margin: 0px; padding: 0px;\">active, communicated, and demonstrably applied anti-harassment protocol<\/span>.<\/p>\n<\/li>\n<li data-start=\"5964\" data-end=\"5998\">\n<p data-start=\"5966\" data-end=\"5998\">Accredited staff training.<\/p>\n<\/li>\n<li data-start=\"5999\" data-end=\"6057\">\n<p data-start=\"6001\" data-end=\"6057\">Documented preventive measures available for inspection.<\/p>\n<\/li>\n<\/ul>\n<p data-start=\"6059\" data-end=\"6141\"><strong data-start=\"6063\" data-end=\"6139\">Equality plans: full enforcement for companies with 50 or more employees<\/strong><\/p>\n<p data-start=\"6142\" data-end=\"6192\">Companies with 50 or more employees must maintain:<\/p>\n<ul data-start=\"6194\" data-end=\"6348\">\n<li data-start=\"6194\" data-end=\"6252\">\n<p data-start=\"6196\" data-end=\"6252\">A <strong data-start=\"6198\" data-end=\"6249\">negotiated, registered and active equality plan<\/strong>.<\/p>\n<\/li>\n<li data-start=\"6253\" data-end=\"6299\">\n<p data-start=\"6255\" data-end=\"6299\">A <strong data-start=\"6257\" data-end=\"6270\">pay audit<\/strong> and updated wage register.<\/p>\n<\/li>\n<li data-start=\"6300\" data-end=\"6348\">\n<p data-start=\"6302\" data-end=\"6348\">Evidence of follow-up and real implementation.<\/p>\n<\/li>\n<\/ul>\n<p data-start=\"6350\" data-end=\"6474\">In some sectors, collective agreements or internal arrangements may impose obligations even below the 50-employee threshold.<\/p>\n<\/div><div class=\"fusion-separator fusion-full-width-sep\" style=\"align-self: center;margin-left: auto;margin-right: auto;margin-top:20px;width:100%;\"><\/div><div class=\"fusion-title title fusion-title-6 fusion-sep-none fusion-title-text fusion-title-size-two\" style=\"--awb-text-color:var(--awb-color6);--awb-margin-bottom:15px;--awb-margin-top-small:0px;--awb-margin-right-small:0px;--awb-margin-bottom-small:10px;--awb-margin-left-small:0px;--awb-font-size:26px;\"><h2 class=\"fusion-title-heading title-heading-left fusion-responsive-typography-calculated\" style=\"margin:0;font-size:1em;--fontSize:26;line-height:1.3;\"><strong data-start=\"6479\" data-end=\"6523\">5. How to prepare strategically for 2026<\/strong><\/h2><\/div><div class=\"fusion-text fusion-text-5\" style=\"--awb-text-color:var(--awb-custom13);\"><p data-start=\"6525\" data-end=\"6601\">To ensure compliance and operational stability, companies should prioritise:<\/p>\n<ul data-start=\"6603\" data-end=\"7163\">\n<li data-start=\"6603\" data-end=\"6691\">\n<p data-start=\"6605\" data-end=\"6691\"><strong data-start=\"6605\" data-end=\"6640\">Reviewing labour cost forecasts<\/strong>, incorporating the 0.9 per cent MEI contribution.<\/p>\n<\/li>\n<li data-start=\"6692\" data-end=\"6816\">\n<p data-start=\"6694\" data-end=\"6816\"><strong data-start=\"6694\" data-end=\"6761\">Updating contribution forecasts for self-employed collaborators<\/strong>, ensuring their band reflects actual projected income.<\/p>\n<\/li>\n<li data-start=\"6817\" data-end=\"6898\">\n<p data-start=\"6819\" data-end=\"6898\"><strong data-start=\"6819\" data-end=\"6860\">Designing a VERIFACTU adaptation plan<\/strong> with a 2027 implementation horizon.<\/p>\n<\/li>\n<li data-start=\"6899\" data-end=\"7043\">\n<p data-start=\"6901\" data-end=\"7043\"><strong data-start=\"6901\" data-end=\"6951\">Conducting an internal labour compliance audit<\/strong> to verify obligations in equality, psychosocial risks and occupational health and safety.<\/p>\n<\/li>\n<li data-start=\"7044\" data-end=\"7163\">\n<p data-start=\"7046\" data-end=\"7163\">Monitoring the potential approval of the <strong data-start=\"7087\" data-end=\"7106\">2026 Budget Law<\/strong>, which will influence the fiscal framework for the year.<\/p>\n<\/li>\n<\/ul>\n<\/div><div class=\"fusion-separator fusion-full-width-sep\" style=\"align-self: center;margin-left: auto;margin-right: auto;margin-top:20px;width:100%;\"><\/div><\/div><\/div><\/div><\/div><div class=\"fusion-fullwidth fullwidth-box fusion-builder-row-2 fusion-flex-container nonhundred-percent-fullwidth non-hundred-percent-height-scrolling modals\" style=\"--awb-border-radius-top-left:0px;--awb-border-radius-top-right:0px;--awb-border-radius-bottom-right:0px;--awb-border-radius-bottom-left:0px;--awb-flex-wrap:wrap;\" ><div class=\"fusion-builder-row fusion-row fusion-flex-align-items-flex-start fusion-flex-content-wrap\" style=\"max-width:calc( 1200px + 0px );margin-left: calc(-0px \/ 2 );margin-right: calc(-0px \/ 2 );\"><div class=\"fusion-layout-column fusion_builder_column fusion-builder-column-1 fusion_builder_column_1_1 1_1 fusion-flex-column\" style=\"--awb-bg-blend:overlay;--awb-bg-size:cover;--awb-width-large:100%;--awb-margin-top-large:0px;--awb-spacing-right-large:0px;--awb-margin-bottom-large:0px;--awb-spacing-left-large:0px;--awb-width-medium:100%;--awb-spacing-right-medium:0px;--awb-spacing-left-medium:0px;--awb-width-small:100%;--awb-spacing-right-small:0px;--awb-spacing-left-small:0px;\"><div class=\"fusion-column-wrapper fusion-column-has-shadow fusion-flex-justify-content-flex-start fusion-content-layout-column\"><div class=\"fusion-modal modal fade modal-1 share share-modal\" tabindex=\"-1\" role=\"dialog\" aria-labelledby=\"modal-heading-1\" aria-hidden=\"true\" style=\"--awb-border-color:#ebebeb;--awb-background:#f6f6f6;\"><div class=\"modal-dialog modal-lg\" role=\"document\"><div class=\"modal-content fusion-modal-content\"><div class=\"modal-header\"><button class=\"close\" type=\"button\" data-dismiss=\"modal\" aria-hidden=\"true\" aria-label=\"Close\">&times;<\/button><h3 class=\"modal-title\" id=\"modal-heading-1\" data-dismiss=\"modal\" aria-hidden=\"true\">Share:<\/h3><\/div><div class=\"modal-body fusion-clearfix\"><\/div><\/div><\/div><\/div><\/div><\/div><\/div><div class=\"fusion-builder-row fusion-row fusion-flex-align-items-flex-start fusion-flex-content-wrap\" style=\"max-width:calc( 1200px + 0px );margin-left: calc(-0px \/ 2 );margin-right: calc(-0px \/ 2 );\"><\/div><\/div>\n<div class=\"fusion-fullwidth fullwidth-box fusion-builder-row-3 fusion-flex-container nonhundred-percent-fullwidth non-hundred-percent-height-scrolling\" style=\"--awb-border-radius-top-left:0px;--awb-border-radius-top-right:0px;--awb-border-radius-bottom-right:0px;--awb-border-radius-bottom-left:0px;--awb-flex-wrap:wrap;\" ><div class=\"fusion-builder-row fusion-row fusion-flex-align-items-flex-start fusion-flex-content-wrap\" style=\"max-width:1248px;margin-left: calc(-4% \/ 2 );margin-right: calc(-4% \/ 2 );\"><div class=\"fusion-layout-column fusion_builder_column fusion-builder-column-2 fusion_builder_column_1_1 1_1 fusion-flex-column fusion-animated small-column\" style=\"--awb-padding-top:5px;--awb-padding-right:10px;--awb-padding-left:10px;--awb-overflow:hidden;--awb-bg-color:#f9f9f9;--awb-bg-color-hover:#f9f9f9;--awb-bg-size:cover;--awb-border-color:#dbdbdb;--awb-border-top:1px;--awb-border-right:1px;--awb-border-bottom:1px;--awb-border-left:1px;--awb-border-style:solid;--awb-border-radius:3px 3px 3px 3px;--awb-width-large:100%;--awb-margin-top-large:0px;--awb-spacing-right-large:1.92%;--awb-margin-bottom-large:20px;--awb-spacing-left-large:1.92%;--awb-width-medium:100%;--awb-order-medium:0;--awb-spacing-right-medium:1.92%;--awb-spacing-left-medium:1.92%;--awb-width-small:100%;--awb-order-small:0;--awb-spacing-right-small:1.92%;--awb-spacing-left-small:1.92%;\" data-animationType=\"fadeInUp\" data-animationDuration=\"0.4\" data-animationOffset=\"top-into-view\"><div class=\"fusion-column-wrapper fusion-column-has-shadow fusion-flex-justify-content-center fusion-content-layout-column\"><script data-b24-form=\"click\/30\/i5k01s\" data-skip-moving=\"true\">\n        (function(w,d,u){\n                var s=d.createElement('script');s.async=true;s.src=u+'?'+(Date.now()\/180000|0);\n                var h=d.getElementsByTagName('script')[0];h.parentNode.insertBefore(s,h);\n        })(window,document,'https:\/\/cdn.bitrix24.es\/b16501187\/crm\/form\/loader_30.js');\n<\/script><div class=\"fusion-text fusion-text-6\"><p class=\"intro\" style=\"text-align: center;\">At <strong>ETL ILIA,<\/strong> we can help you assess the impact of these changes, anticipate risks and adapt your company with the peace of mind of full <strong>regulatory compliance<\/strong>.<\/p>\n<p style=\"text-align: center;\"><div class=\"fusion-button-wrapper fusion-aligncenter\"><a class=\"fusion-button button-flat fusion-button-default-size button-default fusion-button-default button-1 fusion-button-default-span fusion-button-default-type\" style=\"--button-border-radius-top-left:4px;--button-border-radius-top-right:4px;--button-border-radius-bottom-right:4px;--button-border-radius-bottom-left:4px;\" target=\"_self\"><span class=\"fusion-button-text awb-button__text awb-button__text--default\">SEND ENQUIRY<\/span><\/a><\/div><\/p>\n<\/div><\/div><\/div><\/div><\/div><\/p>\n","protected":false},"excerpt":{"rendered":"","protected":false},"author":2,"featured_media":20877,"comment_status":"open","ping_status":"open","sticky":false,"template":"","format":"standard","meta":{"footnotes":""},"categories":[144],"tags":[1796,1790,1800,1791,1792,1793,1799,1798,1794,1795,1736,1609,155,431,1797,1504],"class_list":["post-20869","post","type-post","status-publish","format-standard","has-post-thumbnail","hentry","category-tax-advice-blog","tag-contributions-2026","tag-cotizaciones-2026","tag-digital-billing","tag-digitalizacion-facturacion","tag-fiscalidad-2026","tag-inspeccion-de-trabajo","tag-labour-inspectorate","tag-labour-obligations","tag-mei","tag-obligaciones-laborales","tag-self-employed","tag-smes","tag-social-security","tag-tax-advisor","tag-taxation-2026","tag-verifactu"],"yoast_head":"<!-- This site is optimized with the Yoast SEO plugin v27.5 - https:\/\/yoast.com\/product\/yoast-seo-wordpress\/ -->\n<title>Regulatory and tax changes expected for 2026: contributions, taxation and corporate obligations for SMEs | ILIA ETL GLOBAL<\/title>\n<meta name=\"description\" content=\"Changes in 2026: contributions, taxation, VERIFACTU and labour obligations. An essential guide for your SME to prepare in advance.\" \/>\n<meta name=\"robots\" content=\"index, follow, max-snippet:-1, max-image-preview:large, max-video-preview:-1\" \/>\n<link rel=\"canonical\" href=\"https:\/\/etl-ilia.es\/en\/tax-advice-blog\/regulatory-tax-changes-2026-smes\/\" \/>\n<meta property=\"og:locale\" content=\"en_US\" \/>\n<meta property=\"og:type\" content=\"article\" \/>\n<meta property=\"og:title\" content=\"Regulatory and tax changes expected for 2026: contributions, taxation and corporate obligations for SMEs | ILIA ETL GLOBAL\" \/>\n<meta property=\"og:description\" content=\"Changes in 2026: contributions, taxation, VERIFACTU and labour obligations. An essential guide for your SME to prepare in advance.\" \/>\n<meta property=\"og:url\" content=\"https:\/\/etl-ilia.es\/en\/tax-advice-blog\/regulatory-tax-changes-2026-smes\/\" \/>\n<meta property=\"og:site_name\" content=\"ILIA ETL GLOBAL\" \/>\n<meta property=\"article:publisher\" content=\"https:\/\/www.facebook.com\/IliaConsultoria\/\" \/>\n<meta property=\"article:published_time\" content=\"2025-12-11T09:32:53+00:00\" \/>\n<meta property=\"article:modified_time\" content=\"2026-01-12T11:27:22+00:00\" \/>\n<meta property=\"og:image\" content=\"https:\/\/etl-ilia.es\/wp-content\/uploads\/2025\/12\/Cambios-fiscales-2026-ETL-ILIA.jpg\" \/>\n\t<meta property=\"og:image:width\" content=\"1280\" \/>\n\t<meta property=\"og:image:height\" content=\"853\" \/>\n\t<meta property=\"og:image:type\" content=\"image\/jpeg\" \/>\n<meta name=\"author\" content=\"ETL ILIA\" \/>\n<meta name=\"twitter:card\" content=\"summary_large_image\" \/>\n<meta name=\"twitter:creator\" content=\"@IliaConsultoria\" \/>\n<meta name=\"twitter:site\" content=\"@IliaConsultoria\" \/>\n<!-- \/ Yoast SEO plugin. -->","yoast_head_json":{"title":"Regulatory and tax changes expected for 2026: contributions, taxation and corporate obligations for SMEs | ILIA ETL GLOBAL","description":"Changes in 2026: contributions, taxation, VERIFACTU and labour obligations. An essential guide for your SME to prepare in advance.","robots":{"index":"index","follow":"follow","max-snippet":"max-snippet:-1","max-image-preview":"max-image-preview:large","max-video-preview":"max-video-preview:-1"},"canonical":"https:\/\/etl-ilia.es\/en\/tax-advice-blog\/regulatory-tax-changes-2026-smes\/","og_locale":"en_US","og_type":"article","og_title":"Regulatory and tax changes expected for 2026: contributions, taxation and corporate obligations for SMEs | ILIA ETL GLOBAL","og_description":"Changes in 2026: contributions, taxation, VERIFACTU and labour obligations. An essential guide for your SME to prepare in advance.","og_url":"https:\/\/etl-ilia.es\/en\/tax-advice-blog\/regulatory-tax-changes-2026-smes\/","og_site_name":"ILIA ETL GLOBAL","article_publisher":"https:\/\/www.facebook.com\/IliaConsultoria\/","article_published_time":"2025-12-11T09:32:53+00:00","article_modified_time":"2026-01-12T11:27:22+00:00","og_image":[{"width":1280,"height":853,"url":"https:\/\/etl-ilia.es\/wp-content\/uploads\/2025\/12\/Cambios-fiscales-2026-ETL-ILIA.jpg","type":"image\/jpeg"}],"author":"ETL ILIA","twitter_card":"summary_large_image","twitter_creator":"@IliaConsultoria","twitter_site":"@IliaConsultoria","schema":{"@context":"https:\/\/schema.org","@graph":[{"@type":"Article","@id":"https:\/\/etl-ilia.es\/en\/tax-advice-blog\/regulatory-tax-changes-2026-smes\/#article","isPartOf":{"@id":"https:\/\/etl-ilia.es\/en\/tax-advice-blog\/regulatory-tax-changes-2026-smes\/"},"author":{"name":"ETL ILIA","@id":"https:\/\/etl-ilia.es\/en\/#\/schema\/person\/8a093428448641ac0e4e0db58aa5029b"},"headline":"Regulatory and tax changes expected for 2026: contributions, taxation and corporate obligations for SMEs","datePublished":"2025-12-11T09:32:53+00:00","dateModified":"2026-01-12T11:27:22+00:00","mainEntityOfPage":{"@id":"https:\/\/etl-ilia.es\/en\/tax-advice-blog\/regulatory-tax-changes-2026-smes\/"},"wordCount":5117,"commentCount":0,"publisher":{"@id":"https:\/\/etl-ilia.es\/en\/#organization"},"image":{"@id":"https:\/\/etl-ilia.es\/en\/tax-advice-blog\/regulatory-tax-changes-2026-smes\/#primaryimage"},"thumbnailUrl":"https:\/\/etl-ilia.es\/wp-content\/uploads\/2025\/12\/Cambios-fiscales-2026-ETL-ILIA.jpg","keywords":["Contributions 2026","Cotizaciones 2026","Digital billing","Digitalizaci\u00f3n facturaci\u00f3n","Fiscalidad 2026","Inspecci\u00f3n de Trabajo","Labour Inspectorate","Labour obligations","MEI","Obligaciones laborales","Self-employed","SMEs","Social Security","Tax Advisor","Taxation 2026","VERIFACTU"],"articleSection":["Tax Advice Blog"],"inLanguage":"en-US","potentialAction":[{"@type":"CommentAction","name":"Comment","target":["https:\/\/etl-ilia.es\/en\/tax-advice-blog\/regulatory-tax-changes-2026-smes\/#respond"]}]},{"@type":"WebPage","@id":"https:\/\/etl-ilia.es\/en\/tax-advice-blog\/regulatory-tax-changes-2026-smes\/","url":"https:\/\/etl-ilia.es\/en\/tax-advice-blog\/regulatory-tax-changes-2026-smes\/","name":"Regulatory and tax changes expected for 2026: contributions, taxation and corporate obligations for SMEs | ILIA ETL GLOBAL","isPartOf":{"@id":"https:\/\/etl-ilia.es\/en\/#website"},"primaryImageOfPage":{"@id":"https:\/\/etl-ilia.es\/en\/tax-advice-blog\/regulatory-tax-changes-2026-smes\/#primaryimage"},"image":{"@id":"https:\/\/etl-ilia.es\/en\/tax-advice-blog\/regulatory-tax-changes-2026-smes\/#primaryimage"},"thumbnailUrl":"https:\/\/etl-ilia.es\/wp-content\/uploads\/2025\/12\/Cambios-fiscales-2026-ETL-ILIA.jpg","datePublished":"2025-12-11T09:32:53+00:00","dateModified":"2026-01-12T11:27:22+00:00","description":"Changes in 2026: contributions, taxation, VERIFACTU and labour obligations. An essential guide for your SME to prepare in advance.","breadcrumb":{"@id":"https:\/\/etl-ilia.es\/en\/tax-advice-blog\/regulatory-tax-changes-2026-smes\/#breadcrumb"},"inLanguage":"en-US","potentialAction":[{"@type":"ReadAction","target":["https:\/\/etl-ilia.es\/en\/tax-advice-blog\/regulatory-tax-changes-2026-smes\/"]}]},{"@type":"ImageObject","inLanguage":"en-US","@id":"https:\/\/etl-ilia.es\/en\/tax-advice-blog\/regulatory-tax-changes-2026-smes\/#primaryimage","url":"https:\/\/etl-ilia.es\/wp-content\/uploads\/2025\/12\/Cambios-fiscales-2026-ETL-ILIA.jpg","contentUrl":"https:\/\/etl-ilia.es\/wp-content\/uploads\/2025\/12\/Cambios-fiscales-2026-ETL-ILIA.jpg","width":1280,"height":853,"caption":"Cambios fiscales 2026 | ETL ILIA"},{"@type":"BreadcrumbList","@id":"https:\/\/etl-ilia.es\/en\/tax-advice-blog\/regulatory-tax-changes-2026-smes\/#breadcrumb","itemListElement":[{"@type":"ListItem","position":1,"name":"Portada","item":"https:\/\/etl-ilia.es\/en\/"},{"@type":"ListItem","position":2,"name":"Regulatory and tax changes expected for 2026: contributions, taxation and corporate obligations for SMEs"}]},{"@type":"WebSite","@id":"https:\/\/etl-ilia.es\/en\/#website","url":"https:\/\/etl-ilia.es\/en\/","name":"ETL ILIA","description":"Tax and Legal","publisher":{"@id":"https:\/\/etl-ilia.es\/en\/#organization"},"potentialAction":[{"@type":"SearchAction","target":{"@type":"EntryPoint","urlTemplate":"https:\/\/etl-ilia.es\/en\/?s={search_term_string}"},"query-input":{"@type":"PropertyValueSpecification","valueRequired":true,"valueName":"search_term_string"}}],"inLanguage":"en-US"},{"@type":"Organization","@id":"https:\/\/etl-ilia.es\/en\/#organization","name":"ETL ILIA","url":"https:\/\/etl-ilia.es\/en\/","logo":{"@type":"ImageObject","inLanguage":"en-US","@id":"https:\/\/etl-ilia.es\/en\/#\/schema\/logo\/image\/","url":"https:\/\/etl-ilia.es\/wp-content\/uploads\/2024\/11\/2024-Logo-ETL-ILIA-requadre-vermell-1.png","contentUrl":"https:\/\/etl-ilia.es\/wp-content\/uploads\/2024\/11\/2024-Logo-ETL-ILIA-requadre-vermell-1.png","width":500,"height":333,"caption":"ETL ILIA"},"image":{"@id":"https:\/\/etl-ilia.es\/en\/#\/schema\/logo\/image\/"},"sameAs":["https:\/\/www.facebook.com\/IliaConsultoria\/","https:\/\/x.com\/IliaConsultoria","https:\/\/www.linkedin.com\/company\/etl-ilia\/"]},{"@type":"Person","@id":"https:\/\/etl-ilia.es\/en\/#\/schema\/person\/8a093428448641ac0e4e0db58aa5029b","name":"ETL ILIA","image":{"@type":"ImageObject","inLanguage":"en-US","@id":"https:\/\/secure.gravatar.com\/avatar\/3a41b9e7f7223f83b639483a42886ff99e1a682b3e97bc90e72a6c5b5c9aac05?s=96&d=mm&r=g","url":"https:\/\/secure.gravatar.com\/avatar\/3a41b9e7f7223f83b639483a42886ff99e1a682b3e97bc90e72a6c5b5c9aac05?s=96&d=mm&r=g","contentUrl":"https:\/\/secure.gravatar.com\/avatar\/3a41b9e7f7223f83b639483a42886ff99e1a682b3e97bc90e72a6c5b5c9aac05?s=96&d=mm&r=g","caption":"ETL ILIA"},"description":"ETL ILIA es un despacho profesional especializado en asesor\u00eda fiscal y legal de empresas para el mercado nacional e internacional."}]}},"_links":{"self":[{"href":"https:\/\/etl-ilia.es\/en\/wp-json\/wp\/v2\/posts\/20869","targetHints":{"allow":["GET"]}}],"collection":[{"href":"https:\/\/etl-ilia.es\/en\/wp-json\/wp\/v2\/posts"}],"about":[{"href":"https:\/\/etl-ilia.es\/en\/wp-json\/wp\/v2\/types\/post"}],"author":[{"embeddable":true,"href":"https:\/\/etl-ilia.es\/en\/wp-json\/wp\/v2\/users\/2"}],"replies":[{"embeddable":true,"href":"https:\/\/etl-ilia.es\/en\/wp-json\/wp\/v2\/comments?post=20869"}],"version-history":[{"count":0,"href":"https:\/\/etl-ilia.es\/en\/wp-json\/wp\/v2\/posts\/20869\/revisions"}],"wp:featuredmedia":[{"embeddable":true,"href":"https:\/\/etl-ilia.es\/en\/wp-json\/wp\/v2\/media\/20877"}],"wp:attachment":[{"href":"https:\/\/etl-ilia.es\/en\/wp-json\/wp\/v2\/media?parent=20869"}],"wp:term":[{"taxonomy":"category","embeddable":true,"href":"https:\/\/etl-ilia.es\/en\/wp-json\/wp\/v2\/categories?post=20869"},{"taxonomy":"post_tag","embeddable":true,"href":"https:\/\/etl-ilia.es\/en\/wp-json\/wp\/v2\/tags?post=20869"}],"curies":[{"name":"wp","href":"https:\/\/api.w.org\/{rel}","templated":true}]}}