{"id":19005,"date":"2016-08-24T10:30:48","date_gmt":"2016-08-24T08:30:48","guid":{"rendered":"https:\/\/etl-ilia.es\/general\/contrata-trabajadores-con-bonificacion-reducida-antes-del-31-de-agosto\/"},"modified":"2024-07-26T21:17:43","modified_gmt":"2024-07-26T19:17:43","slug":"hire-workers-reduced-bonuses-before-august-31","status":"publish","type":"post","link":"https:\/\/etl-ilia.es\/en\/tax-advice-blog\/hire-workers-reduced-bonuses-before-august-31\/","title":{"rendered":"Hire workers with reduced bonuses before August 31"},"content":{"rendered":"<p><div class=\"fusion-fullwidth fullwidth-box fusion-builder-row-1 fusion-flex-container nonhundred-percent-fullwidth non-hundred-percent-height-scrolling\" style=\"--awb-border-radius-top-left:0px;--awb-border-radius-top-right:0px;--awb-border-radius-bottom-right:0px;--awb-border-radius-bottom-left:0px;--awb-flex-wrap:wrap;\" ><div class=\"fusion-builder-row fusion-row fusion-flex-align-items-flex-start fusion-flex-content-wrap\" style=\"max-width:1248px;margin-left: calc(-4% \/ 2 );margin-right: calc(-4% \/ 2 );\"><div class=\"fusion-layout-column fusion_builder_column fusion-builder-column-0 fusion_builder_column_1_1 1_1 fusion-flex-column fusion-animated small-column\" style=\"--awb-bg-size:cover;--awb-width-large:100%;--awb-margin-top-large:0px;--awb-spacing-right-large:1.92%;--awb-margin-bottom-large:20px;--awb-spacing-left-large:1.92%;--awb-width-medium:100%;--awb-spacing-right-medium:1.92%;--awb-spacing-left-medium:1.92%;--awb-width-small:100%;--awb-spacing-right-small:1.92%;--awb-spacing-left-small:1.92%;\" data-animationType=\"fadeInUp\" data-animationDuration=\"0.3\" data-animationOffset=\"top-into-view\"><div class=\"fusion-column-wrapper fusion-column-has-shadow fusion-flex-justify-content-flex-start fusion-content-layout-column\"><div class=\"fusion-text fusion-text-1 contenido-texto\" id=\"post\"><p class=\"intro\"><strong>El 31 de agosto acaba el plazo<\/strong> para contratar por tiempo indefinido o parcial con reducci\u00f3n y\/o bonificaci\u00f3n, seg\u00fan el Real Decreto-Ley 1\/2015 de febrero, de mecanismo de segunda oportunidad, reducci\u00f3n de carga de carga financiera y otras medidas de orden social.<\/p>\n<p>Recuerda que para poder usar estas bonificaciones es necesario cumplir todos los requisitos que marca la ley para estos casos.<\/p>\n<h2><strong>Requisitos de la empresa<\/strong><\/h2>\n<p>Ten cuidado y aseg\u00farate de cumplirlos, ya que no hacerlo implicar\u00e1 problemas con la Seguridad Social para tu empresa:<\/p>\n<ul>\n<li>Estar <strong>al corriente de pago<\/strong> de las obligaciones tributarias y de Seguridad Social<\/li>\n<li><strong>No tener despidos improcedentes<\/strong> ni ajustados a derecho durante los 6 meses anteriores al nuevo contrato bonificado<\/li>\n<li><strong>No haber sido excluido por infracciones graves<\/strong> o muy graves del texto refundido de la ley sobre infracciones y sanciones de orden social<\/li>\n<li>Celebrar contratos indefinidos que supongan un incremento tanto de nivel de empleo indefinido como del empleo total de la empresa. Se tomar\u00e1 como referencia <strong>el promedio diario<\/strong> de trabajadores en los 30 d\u00edas anteriores a la celebraci\u00f3n del nuevo contrato.<\/li>\n<li><strong>Mantener durante 36 meses dicha contrataci\u00f3n<\/strong><\/li>\n<\/ul>\n<p>Adem\u00e1s, hay que tener en cuenta que <strong>cada 12 meses se examinar\u00e1 el modo de empleo<\/strong> y su mantenimiento en la empresa. No se pueden tener despidos improcedentes, pero no se tendr\u00e1n en cuenta las extinciones de contratos de trabajo por causas objetivas o por despidos disciplinarios que no hayan sido declarados improcedentes.<\/p>\n<p>Tampoco se tendr\u00e1n en cuenta los despidos colectivos que no hayan sido declarados no ajustados a Derecho, as\u00ed como las extinciones causadas por dimisi\u00f3n , muerte o incapacidad permanente total, absoluta o gran invalidez de los trabajadores o por la expiraci\u00f3n del tiempo convenido o realizaci\u00f3n de la obra o servicio objeto del contrato o por resoluci\u00f3n durante el periodo de prueba.<\/p>\n<h2><strong>Incentivos para la empresa<\/strong><\/h2>\n<p>La ley ofrece dos tipos de incentivos que var\u00edan en funci\u00f3n del tipo de contrato que se realice:<\/p>\n<ul>\n<li><strong>Tiempo completo<\/strong>: una bonificaci\u00f3n mensual de 118\u20ac por dos a\u00f1os (para todas las empresas) y de 59\u20ac en el tercer a\u00f1o para las empresas con menos de 10 trabajadores.<\/li>\n<\/ul>\n<ul>\n<li><strong>Tiempo parcial<\/strong>: en este caso disminuye en proporci\u00f3n a la reducci\u00f3n de la jornada completa, que no podr\u00e1 ser nunca inferior al 50 por 100.<\/li>\n<\/ul>\n<p>Existe un caso muy concreto que debes conocer por si se diera el caso y lo pudieras aplicar. Cuando un contrato se formalice con <strong>j\u00f3venes inscritos en el Sistema Nacional de Garant\u00eda Juvenil<\/strong>, el beneficio de la cotizaci\u00f3n consistir\u00e1 en una bonificaci\u00f3n a cargo del Servicio Publico de Empleo Estatal.<\/p>\n<p>En este caso,<strong> la bonificaci\u00f3n se aplicar\u00e1 durante un periodo de 24 meses<\/strong>. Si la empresa tiene menos de 10 trabajadores la medida se prolonga 12 meses m\u00e1s, quedando para este caso exentos os 250 primeros euros de la base de cotizaci\u00f3n.<\/p>\n<p>En este caso, se establece una nueva bonificaci\u00f3n para la contrataci\u00f3n indefinida de j\u00f3venes beneficiarios de la Garant\u00eda Juvenil de 300 euros durante un m\u00e1ximo de seis meses en la aportaci\u00f3n empresarial a la cotizaci\u00f3n a la Seguridad Social.<\/p>\n<p>Recuerda que<strong> la aplicaci\u00f3n de esta bonificaci\u00f3n es incompatible con otras beneficios de la cotizaci\u00f3n de la seguridad social, <\/strong>salvo la bonificaci\u00f3n del contrato indefinido de apoyo a los emprendedores (sin que la suma de bonificaciones aplicables pueda superar el 100 por 100 de la cuota empresarial a la Seguridad Social).<\/p>\n<h2><strong>Exclusiones de la bonificaci\u00f3n<\/strong><\/h2>\n<p>La ley ha previsto algunos casos en los que no se puede aplicar esta bonificaci\u00f3n. No podr\u00e1s bonificar el contrato de tu nuevo trabajador si forma parte de alguno de los siguientes apartados:<\/p>\n<ul>\n<li><strong>Relaciones laborales de car\u00e1cter especial<\/strong>: previstas en el articulo 2 del texto refundido de la Ley del Estatuto de los Trabajadores.<\/li>\n<li><strong>Contrataciones de parentesco:<\/strong> c\u00f3nyuge, ascendientes y dem\u00e1s parientes por consanguinidad o afinidad de hasta segundo grado con el empresario, cargos de direcci\u00f3n o administraci\u00f3n de las entidades.<\/li>\n<li><strong>Trabajadores en actividad de Sistemas especiales<\/strong>: todos aquellos establecidos en el R\u00e9gimen de la Seguridad Social.<\/li>\n<li><strong>Ex trabajadores del grupo empresarial<\/strong>: aquellos que fueron contratados en empresas del grupo y luego despedidos en los 6 meses anteriores.<\/li>\n<li><strong>Ex trabajadores de la empresa<\/strong>: aquellos que durante los 6 meses anteriores estuvieron contratados por la empresa.<\/li>\n<li><strong>Contrataci\u00f3n de empleados<\/strong>: que excepcionalmente pueda tener lugar en los t\u00e9rminos establecidos en los art\u00edculos 20 y 21, y en la disposici\u00f3n adicional d\u00e9cimo quinta o d\u00e9cimo s\u00e9ptima de la Ley 36\/2014, de 26 de diciembre, de Presupuesto Generales del Estado para 2015.<\/li>\n<\/ul>\n<h2><strong>Reintegros<\/strong><\/h2>\n<p>En el caso de haber aplicado la bonificaci\u00f3n sin cumplir con todos los requisitos y obligaciones, o a alguien que forma parte de la exclusiones anteriores, tendr\u00e1s que reintegrar la cantidad bonificada:<\/p>\n<ul>\n<li><strong>Reducci\u00f3n indebida<\/strong>: cuando se ha aplicado sin cumplir con los requisitos marcados por la ley. Tendr\u00e1s que abonar la reducci\u00f3n m\u00e1s unos intereses de demora.<\/li>\n<li><strong>Incumplimiento de la reducci\u00f3n<\/strong>: durante el proceso que dure. Si se incumple la exigencia de mantenimiento del nivel de empleo. Dependiendo de el momento en que ocurra se reclamar\u00e1 un porcentaje de la deducci\u00f3n, pero no se pedir\u00e1n intereses de demora<\/li>\n<\/ul>\n<p>Ahora ya conoces todos los secretos para aplicar la bonificaci\u00f3n, pero ten en cuenta que esta oportunidad <strong>termina el 31 de agosto de 2016<\/strong>. Si vas a necesitar contratar a alguien hazlo antes de esa fecha y aprovecha las optimas condiciones que nos ofrecen.<\/p>\n<p class=\"destacadoservicioblog\">Si necesitas saber m\u00e1s puedes consultar nuestro servicio de <a href=\"https:\/\/etl-ilia.es\/en\/labour-consultancy\/\" target=\"_blank\" rel=\"noopener\"><strong>Asesor\u00eda Laboral<\/strong><\/a>.<\/p>\n<\/div><\/div><\/div><\/div><\/div><div class=\"fusion-fullwidth fullwidth-box fusion-builder-row-2 fusion-flex-container nonhundred-percent-fullwidth non-hundred-percent-height-scrolling\" style=\"--awb-border-radius-top-left:0px;--awb-border-radius-top-right:0px;--awb-border-radius-bottom-right:0px;--awb-border-radius-bottom-left:0px;--awb-flex-wrap:wrap;\" ><div class=\"fusion-builder-row fusion-row fusion-flex-align-items-flex-start fusion-flex-content-wrap\" style=\"max-width:1248px;margin-left: calc(-4% \/ 2 );margin-right: calc(-4% \/ 2 );\"><div class=\"fusion-layout-column fusion_builder_column fusion-builder-column-1 fusion_builder_column_1_1 1_1 fusion-flex-column fusion-animated small-column\" style=\"--awb-padding-top:5px;--awb-padding-right:10px;--awb-padding-left:10px;--awb-overflow:hidden;--awb-bg-color:#f9f9f9;--awb-bg-color-hover:#f9f9f9;--awb-bg-size:cover;--awb-border-color:#dbdbdb;--awb-border-top:1px;--awb-border-right:1px;--awb-border-bottom:1px;--awb-border-left:1px;--awb-border-style:solid;--awb-border-radius:3px 3px 3px 3px;--awb-width-large:100%;--awb-margin-top-large:0px;--awb-spacing-right-large:1.92%;--awb-margin-bottom-large:20px;--awb-spacing-left-large:1.92%;--awb-width-medium:100%;--awb-order-medium:0;--awb-spacing-right-medium:1.92%;--awb-spacing-left-medium:1.92%;--awb-width-small:100%;--awb-order-small:0;--awb-spacing-right-small:1.92%;--awb-spacing-left-small:1.92%;\" data-animationType=\"fadeInUp\" data-animationDuration=\"0.4\" data-animationOffset=\"top-into-view\"><div class=\"fusion-column-wrapper fusion-column-has-shadow fusion-flex-justify-content-center fusion-content-layout-column\"><script data-b24-form=\"click\/30\/i5k01s\" data-skip-moving=\"true\">\n        (function(w,d,u){\n                var s=d.createElement('script');s.async=true;s.src=u+'?'+(Date.now()\/180000|0);\n                var h=d.getElementsByTagName('script')[0];h.parentNode.insertBefore(s,h);\n        })(window,document,'https:\/\/cdn.bitrix24.es\/b16501187\/crm\/form\/loader_30.js');\n<\/script><div class=\"fusion-text fusion-text-2\"><p class=\"intro\" style=\"text-align: center;\">For any questions, please contact our <strong>employment advisors<\/strong>.<\/p>\n<p style=\"text-align: center;\"><div class=\"fusion-button-wrapper fusion-aligncenter\"><a class=\"fusion-button button-flat fusion-button-default-size button-default fusion-button-default button-1 fusion-button-default-span fusion-button-default-type\" style=\"--button-border-radius-top-left:4px;--button-border-radius-top-right:4px;--button-border-radius-bottom-right:4px;--button-border-radius-bottom-left:4px;\" target=\"_self\"><span class=\"fusion-button-text awb-button__text awb-button__text--default\">SEND ENQUIRY<\/span><\/a><\/div><\/p>\n<\/div><\/div><\/div><\/div><\/div><\/p>\n","protected":false},"excerpt":{"rendered":"","protected":false},"author":2,"featured_media":10581,"comment_status":"open","ping_status":"open","sticky":false,"template":"","format":"standard","meta":{"footnotes":""},"categories":[144],"tags":[152,794,795],"class_list":["post-19005","post","type-post","status-publish","format-standard","has-post-thumbnail","hentry","category-tax-advice-blog","tag-bonuses","tag-labour-adviser","tag-labour-consulting"],"yoast_head":"<!-- This site is optimized with the Yoast SEO plugin v27.5 - https:\/\/yoast.com\/product\/yoast-seo-wordpress\/ -->\n<title>Hire workers with reduced bonuses before August 31 | ILIA ETL GLOBAL<\/title>\n<meta name=\"description\" content=\"The reduced rate bonus for hiring workers ends on August 31, 2016. Please take advantage of it and hire workers before.\" \/>\n<meta name=\"robots\" content=\"index, follow, max-snippet:-1, max-image-preview:large, max-video-preview:-1\" \/>\n<link rel=\"canonical\" href=\"https:\/\/etl-ilia.es\/en\/tax-advice-blog\/hire-workers-reduced-bonuses-before-august-31\/\" \/>\n<meta property=\"og:locale\" content=\"en_US\" \/>\n<meta property=\"og:type\" content=\"article\" \/>\n<meta property=\"og:title\" content=\"Hire workers with reduced bonuses before August 31 | ILIA ETL GLOBAL\" \/>\n<meta property=\"og:description\" content=\"The reduced rate bonus for hiring workers ends on August 31, 2016. Please take advantage of it and hire workers before.\" \/>\n<meta property=\"og:url\" content=\"https:\/\/etl-ilia.es\/en\/tax-advice-blog\/hire-workers-reduced-bonuses-before-august-31\/\" \/>\n<meta property=\"og:site_name\" content=\"ILIA ETL GLOBAL\" \/>\n<meta property=\"article:publisher\" content=\"https:\/\/www.facebook.com\/IliaConsultoria\/\" \/>\n<meta property=\"article:published_time\" content=\"2016-08-24T08:30:48+00:00\" \/>\n<meta property=\"article:modified_time\" content=\"2024-07-26T19:17:43+00:00\" \/>\n<meta property=\"og:image\" content=\"https:\/\/etl-ilia.es\/wp-content\/uploads\/2021\/07\/contrata-trabajadores.jpg\" \/>\n\t<meta property=\"og:image:width\" content=\"1280\" \/>\n\t<meta property=\"og:image:height\" content=\"853\" \/>\n\t<meta property=\"og:image:type\" content=\"image\/jpeg\" \/>\n<meta name=\"author\" content=\"ETL ILIA\" \/>\n<meta name=\"twitter:card\" content=\"summary_large_image\" \/>\n<meta name=\"twitter:creator\" content=\"@IliaConsultoria\" \/>\n<meta name=\"twitter:site\" content=\"@IliaConsultoria\" \/>\n<!-- \/ Yoast SEO plugin. -->","yoast_head_json":{"title":"Hire workers with reduced bonuses before August 31 | ILIA ETL GLOBAL","description":"The reduced rate bonus for hiring workers ends on August 31, 2016. Please take advantage of it and hire workers before.","robots":{"index":"index","follow":"follow","max-snippet":"max-snippet:-1","max-image-preview":"max-image-preview:large","max-video-preview":"max-video-preview:-1"},"canonical":"https:\/\/etl-ilia.es\/en\/tax-advice-blog\/hire-workers-reduced-bonuses-before-august-31\/","og_locale":"en_US","og_type":"article","og_title":"Hire workers with reduced bonuses before August 31 | ILIA ETL GLOBAL","og_description":"The reduced rate bonus for hiring workers ends on August 31, 2016. Please take advantage of it and hire workers before.","og_url":"https:\/\/etl-ilia.es\/en\/tax-advice-blog\/hire-workers-reduced-bonuses-before-august-31\/","og_site_name":"ILIA ETL GLOBAL","article_publisher":"https:\/\/www.facebook.com\/IliaConsultoria\/","article_published_time":"2016-08-24T08:30:48+00:00","article_modified_time":"2024-07-26T19:17:43+00:00","og_image":[{"width":1280,"height":853,"url":"https:\/\/etl-ilia.es\/wp-content\/uploads\/2021\/07\/contrata-trabajadores.jpg","type":"image\/jpeg"}],"author":"ETL ILIA","twitter_card":"summary_large_image","twitter_creator":"@IliaConsultoria","twitter_site":"@IliaConsultoria","schema":{"@context":"https:\/\/schema.org","@graph":[{"@type":"Article","@id":"https:\/\/etl-ilia.es\/en\/tax-advice-blog\/hire-workers-reduced-bonuses-before-august-31\/#article","isPartOf":{"@id":"https:\/\/etl-ilia.es\/en\/tax-advice-blog\/hire-workers-reduced-bonuses-before-august-31\/"},"author":{"name":"ETL ILIA","@id":"https:\/\/etl-ilia.es\/en\/#\/schema\/person\/8a093428448641ac0e4e0db58aa5029b"},"headline":"Hire workers with reduced bonuses before August 31","datePublished":"2016-08-24T08:30:48+00:00","dateModified":"2024-07-26T19:17:43+00:00","mainEntityOfPage":{"@id":"https:\/\/etl-ilia.es\/en\/tax-advice-blog\/hire-workers-reduced-bonuses-before-august-31\/"},"wordCount":2053,"commentCount":0,"publisher":{"@id":"https:\/\/etl-ilia.es\/en\/#organization"},"image":{"@id":"https:\/\/etl-ilia.es\/en\/tax-advice-blog\/hire-workers-reduced-bonuses-before-august-31\/#primaryimage"},"thumbnailUrl":"https:\/\/etl-ilia.es\/wp-content\/uploads\/2021\/07\/contrata-trabajadores.jpg","keywords":["Bonuses","Labour adviser","Labour Consulting"],"articleSection":["Tax Advice Blog"],"inLanguage":"en-US","potentialAction":[{"@type":"CommentAction","name":"Comment","target":["https:\/\/etl-ilia.es\/en\/tax-advice-blog\/hire-workers-reduced-bonuses-before-august-31\/#respond"]}]},{"@type":"WebPage","@id":"https:\/\/etl-ilia.es\/en\/tax-advice-blog\/hire-workers-reduced-bonuses-before-august-31\/","url":"https:\/\/etl-ilia.es\/en\/tax-advice-blog\/hire-workers-reduced-bonuses-before-august-31\/","name":"Hire workers with reduced bonuses before August 31 | ILIA ETL GLOBAL","isPartOf":{"@id":"https:\/\/etl-ilia.es\/en\/#website"},"primaryImageOfPage":{"@id":"https:\/\/etl-ilia.es\/en\/tax-advice-blog\/hire-workers-reduced-bonuses-before-august-31\/#primaryimage"},"image":{"@id":"https:\/\/etl-ilia.es\/en\/tax-advice-blog\/hire-workers-reduced-bonuses-before-august-31\/#primaryimage"},"thumbnailUrl":"https:\/\/etl-ilia.es\/wp-content\/uploads\/2021\/07\/contrata-trabajadores.jpg","datePublished":"2016-08-24T08:30:48+00:00","dateModified":"2024-07-26T19:17:43+00:00","description":"The reduced rate bonus for hiring workers ends on August 31, 2016. Please take advantage of it and hire workers before.","breadcrumb":{"@id":"https:\/\/etl-ilia.es\/en\/tax-advice-blog\/hire-workers-reduced-bonuses-before-august-31\/#breadcrumb"},"inLanguage":"en-US","potentialAction":[{"@type":"ReadAction","target":["https:\/\/etl-ilia.es\/en\/tax-advice-blog\/hire-workers-reduced-bonuses-before-august-31\/"]}]},{"@type":"ImageObject","inLanguage":"en-US","@id":"https:\/\/etl-ilia.es\/en\/tax-advice-blog\/hire-workers-reduced-bonuses-before-august-31\/#primaryimage","url":"https:\/\/etl-ilia.es\/wp-content\/uploads\/2021\/07\/contrata-trabajadores.jpg","contentUrl":"https:\/\/etl-ilia.es\/wp-content\/uploads\/2021\/07\/contrata-trabajadores.jpg","width":1280,"height":853,"caption":"Bonificaciones contratacio\u0301n laboral | ETL ILIA"},{"@type":"BreadcrumbList","@id":"https:\/\/etl-ilia.es\/en\/tax-advice-blog\/hire-workers-reduced-bonuses-before-august-31\/#breadcrumb","itemListElement":[{"@type":"ListItem","position":1,"name":"Portada","item":"https:\/\/etl-ilia.es\/en\/"},{"@type":"ListItem","position":2,"name":"Hire workers with reduced bonuses before August 31"}]},{"@type":"WebSite","@id":"https:\/\/etl-ilia.es\/en\/#website","url":"https:\/\/etl-ilia.es\/en\/","name":"ETL ILIA","description":"Tax and Legal","publisher":{"@id":"https:\/\/etl-ilia.es\/en\/#organization"},"potentialAction":[{"@type":"SearchAction","target":{"@type":"EntryPoint","urlTemplate":"https:\/\/etl-ilia.es\/en\/?s={search_term_string}"},"query-input":{"@type":"PropertyValueSpecification","valueRequired":true,"valueName":"search_term_string"}}],"inLanguage":"en-US"},{"@type":"Organization","@id":"https:\/\/etl-ilia.es\/en\/#organization","name":"ETL ILIA","url":"https:\/\/etl-ilia.es\/en\/","logo":{"@type":"ImageObject","inLanguage":"en-US","@id":"https:\/\/etl-ilia.es\/en\/#\/schema\/logo\/image\/","url":"https:\/\/etl-ilia.es\/wp-content\/uploads\/2024\/11\/2024-Logo-ETL-ILIA-requadre-vermell-1.png","contentUrl":"https:\/\/etl-ilia.es\/wp-content\/uploads\/2024\/11\/2024-Logo-ETL-ILIA-requadre-vermell-1.png","width":500,"height":333,"caption":"ETL ILIA"},"image":{"@id":"https:\/\/etl-ilia.es\/en\/#\/schema\/logo\/image\/"},"sameAs":["https:\/\/www.facebook.com\/IliaConsultoria\/","https:\/\/x.com\/IliaConsultoria","https:\/\/www.linkedin.com\/company\/etl-ilia\/"]},{"@type":"Person","@id":"https:\/\/etl-ilia.es\/en\/#\/schema\/person\/8a093428448641ac0e4e0db58aa5029b","name":"ETL ILIA","image":{"@type":"ImageObject","inLanguage":"en-US","@id":"https:\/\/secure.gravatar.com\/avatar\/3a41b9e7f7223f83b639483a42886ff99e1a682b3e97bc90e72a6c5b5c9aac05?s=96&d=mm&r=g","url":"https:\/\/secure.gravatar.com\/avatar\/3a41b9e7f7223f83b639483a42886ff99e1a682b3e97bc90e72a6c5b5c9aac05?s=96&d=mm&r=g","contentUrl":"https:\/\/secure.gravatar.com\/avatar\/3a41b9e7f7223f83b639483a42886ff99e1a682b3e97bc90e72a6c5b5c9aac05?s=96&d=mm&r=g","caption":"ETL ILIA"},"description":"ETL ILIA es un despacho profesional especializado en asesor\u00eda fiscal y legal de empresas para el mercado nacional e internacional."}]}},"_links":{"self":[{"href":"https:\/\/etl-ilia.es\/en\/wp-json\/wp\/v2\/posts\/19005","targetHints":{"allow":["GET"]}}],"collection":[{"href":"https:\/\/etl-ilia.es\/en\/wp-json\/wp\/v2\/posts"}],"about":[{"href":"https:\/\/etl-ilia.es\/en\/wp-json\/wp\/v2\/types\/post"}],"author":[{"embeddable":true,"href":"https:\/\/etl-ilia.es\/en\/wp-json\/wp\/v2\/users\/2"}],"replies":[{"embeddable":true,"href":"https:\/\/etl-ilia.es\/en\/wp-json\/wp\/v2\/comments?post=19005"}],"version-history":[{"count":0,"href":"https:\/\/etl-ilia.es\/en\/wp-json\/wp\/v2\/posts\/19005\/revisions"}],"wp:featuredmedia":[{"embeddable":true,"href":"https:\/\/etl-ilia.es\/en\/wp-json\/wp\/v2\/media\/10581"}],"wp:attachment":[{"href":"https:\/\/etl-ilia.es\/en\/wp-json\/wp\/v2\/media?parent=19005"}],"wp:term":[{"taxonomy":"category","embeddable":true,"href":"https:\/\/etl-ilia.es\/en\/wp-json\/wp\/v2\/categories?post=19005"},{"taxonomy":"post_tag","embeddable":true,"href":"https:\/\/etl-ilia.es\/en\/wp-json\/wp\/v2\/tags?post=19005"}],"curies":[{"name":"wp","href":"https:\/\/api.w.org\/{rel}","templated":true}]}}