{"id":18490,"date":"2024-03-01T11:25:16","date_gmt":"2024-03-01T10:25:16","guid":{"rendered":"https:\/\/etl-ilia.es\/general\/como-ley-tras-fomenta-ambiente-laboral-inclusivo-para-colectivo-lgtbi\/"},"modified":"2024-07-22T10:23:29","modified_gmt":"2024-07-22T08:23:29","slug":"how-law-promotes-inclusive-work-environment-lgtbi-collective","status":"publish","type":"post","link":"https:\/\/etl-ilia.es\/en\/legal-advice-blog\/how-law-promotes-inclusive-work-environment-lgtbi-collective\/","title":{"rendered":"How Law 4\/2023 Promotes an Inclusive Work Environment for the LGTBI Collective"},"content":{"rendered":"<p><div class=\"fusion-fullwidth fullwidth-box fusion-builder-row-1 fusion-flex-container has-pattern-background has-mask-background nonhundred-percent-fullwidth non-hundred-percent-height-scrolling\" style=\"--awb-border-radius-top-left:0px;--awb-border-radius-top-right:0px;--awb-border-radius-bottom-right:0px;--awb-border-radius-bottom-left:0px;--awb-flex-wrap:wrap;\" ><div class=\"fusion-builder-row fusion-row fusion-flex-align-items-flex-start fusion-flex-content-wrap\" style=\"max-width:1248px;margin-left: calc(-4% \/ 2 );margin-right: calc(-4% \/ 2 );\"><div class=\"fusion-layout-column fusion_builder_column fusion-builder-column-0 fusion_builder_column_1_1 1_1 fusion-flex-column fusion-animated small-column\" style=\"--awb-padding-bottom:20px;--awb-bg-size:cover;--awb-width-large:100%;--awb-margin-top-large:0px;--awb-spacing-right-large:1.92%;--awb-margin-bottom-large:20px;--awb-spacing-left-large:1.92%;--awb-width-medium:100%;--awb-order-medium:0;--awb-spacing-right-medium:1.92%;--awb-spacing-left-medium:1.92%;--awb-width-small:100%;--awb-order-small:0;--awb-spacing-right-small:1.92%;--awb-spacing-left-small:1.92%;\" data-animationType=\"fadeInUp\" data-animationDuration=\"0.4\" data-animationOffset=\"top-into-view\"><div class=\"fusion-column-wrapper fusion-column-has-shadow fusion-flex-justify-content-flex-start fusion-content-layout-column\"><div class=\"fusion-title title fusion-title-1 fusion-sep-none fusion-title-text fusion-title-size-div\" style=\"--awb-text-color:var(--awb-color6);--awb-margin-top-small:0px;--awb-margin-right-small:0px;--awb-margin-bottom-small:10px;--awb-margin-left-small:0px;--awb-font-size:24px;\"><div class=\"fusion-title-heading title-heading-left title-heading-tag fusion-responsive-typography-calculated\" style=\"margin:0;font-size:1em;--fontSize:24;line-height:1.6;\">Introducci\u00f3n a la Ley 4\/2023, de 28 de febrero, para la garant\u00eda de los derechos de las personas LGTBI<\/div><\/div><div class=\"fusion-text fusion-text-1\" style=\"--awb-text-color:var(--awb-custom13);\"><p>A partir del 2 de marzo, las <strong>empresas con m\u00e1s de 50 empleados<\/strong> deben implementar medidas para promover la igualdad del <strong>colectivo LGTBI<\/strong>, incluyendo un <strong>protocolo contra el acoso y la violencia<\/strong>. Esta ley, conocida como Ley Trans, entr\u00f3 en vigor en marzo de 2023 y busca la igualdad real y efectiva de las personas trans y el colectivo LGTBI.<\/p>\n<\/div><div class=\"fusion-separator fusion-full-width-sep\" style=\"align-self: center;margin-left: auto;margin-right: auto;margin-top:20px;width:100%;\"><\/div><div class=\"fusion-title title fusion-title-2 fusion-sep-none fusion-title-text fusion-title-size-div\" style=\"--awb-text-color:var(--awb-color6);--awb-margin-top-small:0px;--awb-margin-right-small:0px;--awb-margin-bottom-small:10px;--awb-margin-left-small:0px;--awb-font-size:24px;\"><div class=\"fusion-title-heading title-heading-left title-heading-tag fusion-responsive-typography-calculated\" style=\"margin:0;font-size:1em;--fontSize:24;line-height:1.6;\">Objetivo y Alcance de la Ley<\/div><\/div><div class=\"fusion-text fusion-text-2\" style=\"--awb-text-color:var(--awb-custom13);\"><p>El principal objetivo es <strong>garantizar los derechos de las personas LGTBI<\/strong>, eliminando la discriminaci\u00f3n y permitiendo la libertad en la expresi\u00f3n de g\u00e9nero y orientaci\u00f3n sexual en el \u00e1mbito laboral. Esta ley marca un avance significativo hacia la igualdad real, respondiendo a una demanda hist\u00f3rica de las asociaciones LGTBI.<\/p>\n<\/div><div class=\"fusion-separator fusion-full-width-sep\" style=\"align-self: center;margin-left: auto;margin-right: auto;margin-top:20px;width:100%;\"><\/div><div class=\"fusion-title title fusion-title-3 fusion-sep-none fusion-title-text fusion-title-size-div\" style=\"--awb-text-color:var(--awb-color6);--awb-margin-top-small:0px;--awb-margin-right-small:0px;--awb-margin-bottom-small:10px;--awb-margin-left-small:0px;--awb-font-size:24px;\"><div class=\"fusion-title-heading title-heading-left title-heading-tag fusion-responsive-typography-calculated\" style=\"margin:0;font-size:1em;--fontSize:24;line-height:1.6;\">Marco Normativo y Pol\u00edticas P\u00fablicas<\/div><\/div><div class=\"fusion-text fusion-text-3\" style=\"--awb-text-color:var(--awb-custom13);\"><p>La ley establece un marco normativo para luchar contra la discriminaci\u00f3n, aline\u00e1ndose con principios universales de igualdad y no discriminaci\u00f3n reconocidos internacionalmente, y define pol\u00edticas p\u00fablicas para garantizar los derechos LGTBI.<\/p>\n<\/div><div class=\"fusion-separator fusion-full-width-sep\" style=\"align-self: center;margin-left: auto;margin-right: auto;margin-top:20px;width:100%;\"><\/div><div class=\"fusion-title title fusion-title-4 fusion-sep-none fusion-title-text fusion-title-size-div\" style=\"--awb-text-color:var(--awb-color6);--awb-margin-top-small:0px;--awb-margin-right-small:0px;--awb-margin-bottom-small:10px;--awb-margin-left-small:0px;--awb-font-size:24px;\"><div class=\"fusion-title-heading title-heading-left title-heading-tag fusion-responsive-typography-calculated\" style=\"margin:0;font-size:1em;--fontSize:24;line-height:1.6;\">Aplicaci\u00f3n y Requisitos para las Empresas<\/div><\/div><div class=\"fusion-text fusion-text-4\" style=\"--awb-text-color:var(--awb-custom13);\"><p>Aplicable a todas las personas y entidades en Espa\u00f1a, la ley exige a las empresas con m\u00e1s de 50 trabajadores implementar medidas espec\u00edficas, incluyendo protocolos de actuaci\u00f3n contra el acoso o violencia, que deben ser negociados y acordados con los representantes de los trabajadores.<\/p>\n<p>Este enfoque estructurado ofrece una visi\u00f3n general y detallada de la Ley 4\/2023, resaltando su importancia, objetivos, y los pasos concretos que las empresas deben tomar para cumplir con sus requisitos.<\/p>\n<\/div><div class=\"fusion-separator fusion-full-width-sep\" style=\"align-self: center;margin-left: auto;margin-right: auto;margin-top:20px;width:100%;\"><\/div><\/div><\/div><\/div><\/div><div class=\"fusion-fullwidth fullwidth-box fusion-builder-row-2 fusion-flex-container nonhundred-percent-fullwidth non-hundred-percent-height-scrolling modals\" style=\"--awb-border-radius-top-left:0px;--awb-border-radius-top-right:0px;--awb-border-radius-bottom-right:0px;--awb-border-radius-bottom-left:0px;--awb-flex-wrap:wrap;\" ><div class=\"fusion-builder-row fusion-row fusion-flex-align-items-flex-start fusion-flex-content-wrap\" style=\"max-width:calc( 1200px + 0px );margin-left: calc(-0px \/ 2 );margin-right: calc(-0px \/ 2 );\"><div class=\"fusion-layout-column fusion_builder_column fusion-builder-column-1 fusion_builder_column_1_1 1_1 fusion-flex-column\" style=\"--awb-bg-blend:overlay;--awb-bg-size:cover;--awb-width-large:100%;--awb-margin-top-large:0px;--awb-spacing-right-large:0px;--awb-margin-bottom-large:0px;--awb-spacing-left-large:0px;--awb-width-medium:100%;--awb-spacing-right-medium:0px;--awb-spacing-left-medium:0px;--awb-width-small:100%;--awb-spacing-right-small:0px;--awb-spacing-left-small:0px;\"><div class=\"fusion-column-wrapper fusion-column-has-shadow fusion-flex-justify-content-flex-start fusion-content-layout-column\"><div class=\"fusion-modal modal fade modal-1 share share-modal\" tabindex=\"-1\" role=\"dialog\" aria-labelledby=\"modal-heading-1\" aria-hidden=\"true\" style=\"--awb-border-color:#ebebeb;--awb-background:#f6f6f6;\"><div class=\"modal-dialog modal-lg\" role=\"document\"><div class=\"modal-content fusion-modal-content\"><div class=\"modal-header\"><button class=\"close\" type=\"button\" data-dismiss=\"modal\" aria-hidden=\"true\" aria-label=\"Close\">&times;<\/button><h3 class=\"modal-title\" id=\"modal-heading-1\" data-dismiss=\"modal\" aria-hidden=\"true\">Share:<\/h3><\/div><div class=\"modal-body fusion-clearfix\"><\/div><\/div><\/div><\/div><\/div><\/div><\/div><div class=\"fusion-builder-row fusion-row fusion-flex-align-items-flex-start fusion-flex-content-wrap\" style=\"max-width:calc( 1200px + 0px );margin-left: calc(-0px \/ 2 );margin-right: calc(-0px \/ 2 );\"><\/div><\/div>\n<div class=\"fusion-fullwidth fullwidth-box fusion-builder-row-3 fusion-flex-container nonhundred-percent-fullwidth non-hundred-percent-height-scrolling\" style=\"--awb-border-radius-top-left:0px;--awb-border-radius-top-right:0px;--awb-border-radius-bottom-right:0px;--awb-border-radius-bottom-left:0px;--awb-flex-wrap:wrap;\" ><div class=\"fusion-builder-row fusion-row fusion-flex-align-items-flex-start fusion-flex-content-wrap\" style=\"max-width:1248px;margin-left: calc(-4% \/ 2 );margin-right: calc(-4% \/ 2 );\"><div class=\"fusion-layout-column fusion_builder_column fusion-builder-column-2 fusion_builder_column_1_1 1_1 fusion-flex-column fusion-animated small-column\" style=\"--awb-padding-top:5px;--awb-padding-right:10px;--awb-padding-left:10px;--awb-overflow:hidden;--awb-bg-color:#f9f9f9;--awb-bg-color-hover:#f9f9f9;--awb-bg-size:cover;--awb-border-color:#dbdbdb;--awb-border-top:1px;--awb-border-right:1px;--awb-border-bottom:1px;--awb-border-left:1px;--awb-border-style:solid;--awb-border-radius:3px 3px 3px 3px;--awb-width-large:100%;--awb-margin-top-large:0px;--awb-spacing-right-large:1.92%;--awb-margin-bottom-large:20px;--awb-spacing-left-large:1.92%;--awb-width-medium:100%;--awb-order-medium:0;--awb-spacing-right-medium:1.92%;--awb-spacing-left-medium:1.92%;--awb-width-small:100%;--awb-order-small:0;--awb-spacing-right-small:1.92%;--awb-spacing-left-small:1.92%;\" data-animationType=\"fadeInUp\" data-animationDuration=\"0.4\" data-animationOffset=\"top-into-view\"><div class=\"fusion-column-wrapper fusion-column-has-shadow fusion-flex-justify-content-center fusion-content-layout-column\"><script data-b24-form=\"click\/30\/i5k01s\" data-skip-moving=\"true\">\n        (function(w,d,u){\n                var s=d.createElement('script');s.async=true;s.src=u+'?'+(Date.now()\/180000|0);\n                var h=d.getElementsByTagName('script')[0];h.parentNode.insertBefore(s,h);\n        })(window,document,'https:\/\/cdn.bitrix24.es\/b16501187\/crm\/form\/loader_30.js');\n<\/script><div class=\"fusion-text fusion-text-5\"><p class=\"intro\" style=\"text-align: center;\">Do you have a <strong>company<\/strong> with more than 50 workers and need advice to implement a <strong>prevention protocol<\/strong> against harassment of the <strong>LGTBI community<\/strong>? Fill out the following form, and we will contact you.<\/p>\n<p style=\"text-align: center;\"><div class=\"fusion-button-wrapper fusion-aligncenter\"><a class=\"fusion-button button-flat fusion-button-default-size button-default fusion-button-default button-1 fusion-button-default-span fusion-button-default-type\" style=\"--button-border-radius-top-left:4px;--button-border-radius-top-right:4px;--button-border-radius-bottom-right:4px;--button-border-radius-bottom-left:4px;\" target=\"_self\"><span class=\"fusion-button-text awb-button__text awb-button__text--default\">SEND ENQUIRY<\/span><\/a><\/div><\/p>\n<\/div><\/div><\/div><\/div><\/div><\/p>\n","protected":false},"excerpt":{"rendered":"","protected":false},"author":2,"featured_media":17509,"comment_status":"open","ping_status":"open","sticky":false,"template":"","format":"standard","meta":{"footnotes":""},"categories":[760],"tags":[1193,73,1191,61,1138,1195],"class_list":["post-18490","post","type-post","status-publish","format-standard","has-post-thumbnail","hentry","category-legal-advice-blog","tag-equality","tag-labour","tag-lgtbi","tag-news","tag-rights","tag-work"],"yoast_head":"<!-- This site is optimized with the Yoast SEO plugin v27.5 - https:\/\/yoast.com\/product\/yoast-seo-wordpress\/ -->\n<title>How Law 4\/2023 Promotes an Inclusive Work Environment for the LGTBI Collective | ILIA ETL GLOBAL<\/title>\n<meta name=\"description\" content=\"Te ayudamos a implantar el protocolo de protecci\u00f3n del colectivo LGTBI en tu empresa. Rellena el siguiente formulario y contactaremos contigo.\" \/>\n<meta name=\"robots\" content=\"index, follow, max-snippet:-1, max-image-preview:large, max-video-preview:-1\" \/>\n<link rel=\"canonical\" href=\"https:\/\/etl-ilia.es\/en\/legal-advice-blog\/how-law-promotes-inclusive-work-environment-lgtbi-collective\/\" \/>\n<meta property=\"og:locale\" content=\"en_US\" \/>\n<meta property=\"og:type\" content=\"article\" \/>\n<meta property=\"og:title\" content=\"How Law 4\/2023 Promotes an Inclusive Work Environment for the LGTBI Collective | ILIA ETL GLOBAL\" \/>\n<meta property=\"og:description\" content=\"Te ayudamos a implantar el protocolo de protecci\u00f3n del colectivo LGTBI en tu empresa. Rellena el siguiente formulario y contactaremos contigo.\" \/>\n<meta property=\"og:url\" content=\"https:\/\/etl-ilia.es\/en\/legal-advice-blog\/how-law-promotes-inclusive-work-environment-lgtbi-collective\/\" \/>\n<meta property=\"og:site_name\" content=\"ILIA ETL GLOBAL\" \/>\n<meta property=\"article:publisher\" content=\"https:\/\/www.facebook.com\/IliaConsultoria\/\" \/>\n<meta property=\"article:published_time\" content=\"2024-03-01T10:25:16+00:00\" \/>\n<meta property=\"article:modified_time\" content=\"2024-07-22T08:23:29+00:00\" \/>\n<meta property=\"og:image\" content=\"https:\/\/etl-ilia.es\/wp-content\/uploads\/2024\/03\/Ley-Trans-Proteccion-LGTBI-ETL-ILIA.jpg\" \/>\n\t<meta property=\"og:image:width\" content=\"1280\" \/>\n\t<meta property=\"og:image:height\" content=\"852\" \/>\n\t<meta property=\"og:image:type\" content=\"image\/jpeg\" \/>\n<meta name=\"author\" content=\"ETL ILIA\" \/>\n<meta name=\"twitter:card\" content=\"summary_large_image\" \/>\n<meta name=\"twitter:creator\" content=\"@IliaConsultoria\" \/>\n<meta name=\"twitter:site\" content=\"@IliaConsultoria\" \/>\n<!-- \/ Yoast SEO plugin. -->","yoast_head_json":{"title":"How Law 4\/2023 Promotes an Inclusive Work Environment for the LGTBI Collective | ILIA ETL GLOBAL","description":"Te ayudamos a implantar el protocolo de protecci\u00f3n del colectivo LGTBI en tu empresa. Rellena el siguiente formulario y contactaremos contigo.","robots":{"index":"index","follow":"follow","max-snippet":"max-snippet:-1","max-image-preview":"max-image-preview:large","max-video-preview":"max-video-preview:-1"},"canonical":"https:\/\/etl-ilia.es\/en\/legal-advice-blog\/how-law-promotes-inclusive-work-environment-lgtbi-collective\/","og_locale":"en_US","og_type":"article","og_title":"How Law 4\/2023 Promotes an Inclusive Work Environment for the LGTBI Collective | ILIA ETL GLOBAL","og_description":"Te ayudamos a implantar el protocolo de protecci\u00f3n del colectivo LGTBI en tu empresa. Rellena el siguiente formulario y contactaremos contigo.","og_url":"https:\/\/etl-ilia.es\/en\/legal-advice-blog\/how-law-promotes-inclusive-work-environment-lgtbi-collective\/","og_site_name":"ILIA ETL GLOBAL","article_publisher":"https:\/\/www.facebook.com\/IliaConsultoria\/","article_published_time":"2024-03-01T10:25:16+00:00","article_modified_time":"2024-07-22T08:23:29+00:00","og_image":[{"width":1280,"height":852,"url":"https:\/\/etl-ilia.es\/wp-content\/uploads\/2024\/03\/Ley-Trans-Proteccion-LGTBI-ETL-ILIA.jpg","type":"image\/jpeg"}],"author":"ETL ILIA","twitter_card":"summary_large_image","twitter_creator":"@IliaConsultoria","twitter_site":"@IliaConsultoria","schema":{"@context":"https:\/\/schema.org","@graph":[{"@type":"Article","@id":"https:\/\/etl-ilia.es\/en\/legal-advice-blog\/how-law-promotes-inclusive-work-environment-lgtbi-collective\/#article","isPartOf":{"@id":"https:\/\/etl-ilia.es\/en\/legal-advice-blog\/how-law-promotes-inclusive-work-environment-lgtbi-collective\/"},"author":{"name":"ETL ILIA","@id":"https:\/\/etl-ilia.es\/en\/#\/schema\/person\/8a093428448641ac0e4e0db58aa5029b"},"headline":"How Law 4\/2023 Promotes an Inclusive Work Environment for the LGTBI Collective","datePublished":"2024-03-01T10:25:16+00:00","dateModified":"2024-07-22T08:23:29+00:00","mainEntityOfPage":{"@id":"https:\/\/etl-ilia.es\/en\/legal-advice-blog\/how-law-promotes-inclusive-work-environment-lgtbi-collective\/"},"wordCount":3322,"commentCount":0,"publisher":{"@id":"https:\/\/etl-ilia.es\/en\/#organization"},"image":{"@id":"https:\/\/etl-ilia.es\/en\/legal-advice-blog\/how-law-promotes-inclusive-work-environment-lgtbi-collective\/#primaryimage"},"thumbnailUrl":"https:\/\/etl-ilia.es\/wp-content\/uploads\/2024\/03\/Ley-Trans-Proteccion-LGTBI-ETL-ILIA.jpg","keywords":["Equality","Labour","LGTBI","News","Rights","Work"],"articleSection":["Legal Advice Blog"],"inLanguage":"en-US","potentialAction":[{"@type":"CommentAction","name":"Comment","target":["https:\/\/etl-ilia.es\/en\/legal-advice-blog\/how-law-promotes-inclusive-work-environment-lgtbi-collective\/#respond"]}]},{"@type":"WebPage","@id":"https:\/\/etl-ilia.es\/en\/legal-advice-blog\/how-law-promotes-inclusive-work-environment-lgtbi-collective\/","url":"https:\/\/etl-ilia.es\/en\/legal-advice-blog\/how-law-promotes-inclusive-work-environment-lgtbi-collective\/","name":"How Law 4\/2023 Promotes an Inclusive Work Environment for the LGTBI Collective | ILIA ETL GLOBAL","isPartOf":{"@id":"https:\/\/etl-ilia.es\/en\/#website"},"primaryImageOfPage":{"@id":"https:\/\/etl-ilia.es\/en\/legal-advice-blog\/how-law-promotes-inclusive-work-environment-lgtbi-collective\/#primaryimage"},"image":{"@id":"https:\/\/etl-ilia.es\/en\/legal-advice-blog\/how-law-promotes-inclusive-work-environment-lgtbi-collective\/#primaryimage"},"thumbnailUrl":"https:\/\/etl-ilia.es\/wp-content\/uploads\/2024\/03\/Ley-Trans-Proteccion-LGTBI-ETL-ILIA.jpg","datePublished":"2024-03-01T10:25:16+00:00","dateModified":"2024-07-22T08:23:29+00:00","description":"Te ayudamos a implantar el protocolo de protecci\u00f3n del colectivo LGTBI en tu empresa. Rellena el siguiente formulario y contactaremos contigo.","breadcrumb":{"@id":"https:\/\/etl-ilia.es\/en\/legal-advice-blog\/how-law-promotes-inclusive-work-environment-lgtbi-collective\/#breadcrumb"},"inLanguage":"en-US","potentialAction":[{"@type":"ReadAction","target":["https:\/\/etl-ilia.es\/en\/legal-advice-blog\/how-law-promotes-inclusive-work-environment-lgtbi-collective\/"]}]},{"@type":"ImageObject","inLanguage":"en-US","@id":"https:\/\/etl-ilia.es\/en\/legal-advice-blog\/how-law-promotes-inclusive-work-environment-lgtbi-collective\/#primaryimage","url":"https:\/\/etl-ilia.es\/wp-content\/uploads\/2024\/03\/Ley-Trans-Proteccion-LGTBI-ETL-ILIA.jpg","contentUrl":"https:\/\/etl-ilia.es\/wp-content\/uploads\/2024\/03\/Ley-Trans-Proteccion-LGTBI-ETL-ILIA.jpg","width":1280,"height":852,"caption":"Ley Trans Proteccio\u0301n LGTBI | ETL ILIA"},{"@type":"BreadcrumbList","@id":"https:\/\/etl-ilia.es\/en\/legal-advice-blog\/how-law-promotes-inclusive-work-environment-lgtbi-collective\/#breadcrumb","itemListElement":[{"@type":"ListItem","position":1,"name":"Portada","item":"https:\/\/etl-ilia.es\/en\/"},{"@type":"ListItem","position":2,"name":"How Law 4\/2023 Promotes an Inclusive Work Environment for the LGTBI Collective"}]},{"@type":"WebSite","@id":"https:\/\/etl-ilia.es\/en\/#website","url":"https:\/\/etl-ilia.es\/en\/","name":"ETL ILIA","description":"Tax and Legal","publisher":{"@id":"https:\/\/etl-ilia.es\/en\/#organization"},"potentialAction":[{"@type":"SearchAction","target":{"@type":"EntryPoint","urlTemplate":"https:\/\/etl-ilia.es\/en\/?s={search_term_string}"},"query-input":{"@type":"PropertyValueSpecification","valueRequired":true,"valueName":"search_term_string"}}],"inLanguage":"en-US"},{"@type":"Organization","@id":"https:\/\/etl-ilia.es\/en\/#organization","name":"ETL ILIA","url":"https:\/\/etl-ilia.es\/en\/","logo":{"@type":"ImageObject","inLanguage":"en-US","@id":"https:\/\/etl-ilia.es\/en\/#\/schema\/logo\/image\/","url":"https:\/\/etl-ilia.es\/wp-content\/uploads\/2024\/11\/2024-Logo-ETL-ILIA-requadre-vermell-1.png","contentUrl":"https:\/\/etl-ilia.es\/wp-content\/uploads\/2024\/11\/2024-Logo-ETL-ILIA-requadre-vermell-1.png","width":500,"height":333,"caption":"ETL ILIA"},"image":{"@id":"https:\/\/etl-ilia.es\/en\/#\/schema\/logo\/image\/"},"sameAs":["https:\/\/www.facebook.com\/IliaConsultoria\/","https:\/\/x.com\/IliaConsultoria","https:\/\/www.linkedin.com\/company\/etl-ilia\/"]},{"@type":"Person","@id":"https:\/\/etl-ilia.es\/en\/#\/schema\/person\/8a093428448641ac0e4e0db58aa5029b","name":"ETL ILIA","image":{"@type":"ImageObject","inLanguage":"en-US","@id":"https:\/\/secure.gravatar.com\/avatar\/3a41b9e7f7223f83b639483a42886ff99e1a682b3e97bc90e72a6c5b5c9aac05?s=96&d=mm&r=g","url":"https:\/\/secure.gravatar.com\/avatar\/3a41b9e7f7223f83b639483a42886ff99e1a682b3e97bc90e72a6c5b5c9aac05?s=96&d=mm&r=g","contentUrl":"https:\/\/secure.gravatar.com\/avatar\/3a41b9e7f7223f83b639483a42886ff99e1a682b3e97bc90e72a6c5b5c9aac05?s=96&d=mm&r=g","caption":"ETL ILIA"},"description":"ETL ILIA es un despacho profesional especializado en asesor\u00eda fiscal y legal de empresas para el mercado nacional e internacional."}]}},"_links":{"self":[{"href":"https:\/\/etl-ilia.es\/en\/wp-json\/wp\/v2\/posts\/18490","targetHints":{"allow":["GET"]}}],"collection":[{"href":"https:\/\/etl-ilia.es\/en\/wp-json\/wp\/v2\/posts"}],"about":[{"href":"https:\/\/etl-ilia.es\/en\/wp-json\/wp\/v2\/types\/post"}],"author":[{"embeddable":true,"href":"https:\/\/etl-ilia.es\/en\/wp-json\/wp\/v2\/users\/2"}],"replies":[{"embeddable":true,"href":"https:\/\/etl-ilia.es\/en\/wp-json\/wp\/v2\/comments?post=18490"}],"version-history":[{"count":0,"href":"https:\/\/etl-ilia.es\/en\/wp-json\/wp\/v2\/posts\/18490\/revisions"}],"wp:featuredmedia":[{"embeddable":true,"href":"https:\/\/etl-ilia.es\/en\/wp-json\/wp\/v2\/media\/17509"}],"wp:attachment":[{"href":"https:\/\/etl-ilia.es\/en\/wp-json\/wp\/v2\/media?parent=18490"}],"wp:term":[{"taxonomy":"category","embeddable":true,"href":"https:\/\/etl-ilia.es\/en\/wp-json\/wp\/v2\/categories?post=18490"},{"taxonomy":"post_tag","embeddable":true,"href":"https:\/\/etl-ilia.es\/en\/wp-json\/wp\/v2\/tags?post=18490"}],"curies":[{"name":"wp","href":"https:\/\/api.w.org\/{rel}","templated":true}]}}