{"id":18488,"date":"2024-01-15T14:31:11","date_gmt":"2024-01-15T13:31:11","guid":{"rendered":"https:\/\/etl-ilia.es\/general\/actualizaciones-irpf-profesionales-extranjeros-2023\/"},"modified":"2024-01-15T14:31:11","modified_gmt":"2024-01-15T13:31:11","slug":"actualizaciones-irpf-profesionales-extranjeros-2023","status":"publish","type":"post","link":"https:\/\/etl-ilia.es\/en\/tax-advice-blog\/actualizaciones-irpf-profesionales-extranjeros-2023\/","title":{"rendered":"Actualizaciones en el Impuesto sobre la Renta para Trabajadores y Profesionales Extranjeros en Espa\u00f1a desde Diciembre 2023"},"content":{"rendered":"<p><div class=\"fusion-fullwidth fullwidth-box fusion-builder-row-1 fusion-flex-container has-pattern-background has-mask-background nonhundred-percent-fullwidth non-hundred-percent-height-scrolling\" style=\"--awb-border-radius-top-left:0px;--awb-border-radius-top-right:0px;--awb-border-radius-bottom-right:0px;--awb-border-radius-bottom-left:0px;--awb-flex-wrap:wrap;\" ><div class=\"fusion-builder-row fusion-row fusion-flex-align-items-flex-start fusion-flex-content-wrap\" style=\"max-width:1248px;margin-left: calc(-4% \/ 2 );margin-right: calc(-4% \/ 2 );\"><div class=\"fusion-layout-column fusion_builder_column fusion-builder-column-0 fusion_builder_column_1_1 1_1 fusion-flex-column fusion-animated small-column\" style=\"--awb-padding-bottom:20px;--awb-bg-size:cover;--awb-width-large:100%;--awb-margin-top-large:0px;--awb-spacing-right-large:1.92%;--awb-margin-bottom-large:20px;--awb-spacing-left-large:1.92%;--awb-width-medium:100%;--awb-order-medium:0;--awb-spacing-right-medium:1.92%;--awb-spacing-left-medium:1.92%;--awb-width-small:100%;--awb-order-small:0;--awb-spacing-right-small:1.92%;--awb-spacing-left-small:1.92%;\" data-animationType=\"fadeInUp\" data-animationDuration=\"0.4\" data-animationOffset=\"top-into-view\"><div class=\"fusion-column-wrapper fusion-column-has-shadow fusion-flex-justify-content-flex-start fusion-content-layout-column\"><div class=\"fusion-text fusion-text-1\" style=\"--awb-text-color:var(--awb-custom13);\"><h3><strong>Introducci\u00f3n: Contextualizaci\u00f3n de los Cambios Legislativos<\/strong><\/h3>\n<p>La Ley 28\/2022, conocida como la Ley de fomento del ecosistema de las empresas emergentes, introdujo modificaciones significativas en la Ley del Impuesto sobre la Renta de las Personas F\u00edsicas (IRPF) en Espa\u00f1a, efectivas desde el 1 de enero de 2023. Estos cambios tienen un impacto directo en un grupo espec\u00edfico: trabajadores, profesionales, emprendedores e inversores que se trasladan a Espa\u00f1a. Este fen\u00f3meno, cada vez m\u00e1s com\u00fan en la era de la globalizaci\u00f3n y el trabajo remoto, requiere una adaptaci\u00f3n en la legislaci\u00f3n fiscal para acomodar y atraer talento y inversi\u00f3n extranjera.<\/p>\n<p><strong>\u00bfPor qu\u00e9 son importantes estos cambios?<\/strong><\/p>\n<p>Estos cambios reflejan la evoluci\u00f3n de la econom\u00eda global y las nuevas formas de trabajo. Al adaptar su r\u00e9gimen fiscal, Espa\u00f1a busca atraer a profesionales y emprendedores que pueden contribuir significativamente a la econom\u00eda local. Adem\u00e1s, al simplificar y modernizar las leyes fiscales, se facilita la integraci\u00f3n de trabajadores y empresarios internacionales, promoviendo as\u00ed un entorno de negocios m\u00e1s inclusivo y diverso.<\/p>\n<h3><strong>Ampliaci\u00f3n del \u00c1mbito de Aplicaci\u00f3n del R\u00e9gimen Especial<\/strong><\/h3>\n<p><strong>Trabajadores Remotos y Administradores de Empresas<\/strong><\/p>\n<ul>\n<li><strong>Trabajadores Remotos<\/strong>: Una de las novedades m\u00e1s significativas es la inclusi\u00f3n de los trabajadores que se trasladan a Espa\u00f1a para trabajar a distancia. Este cambio es particularmente relevante en el contexto actual, donde el trabajo remoto se ha vuelto cada vez m\u00e1s prevalente.<\/li>\n<li><strong>Administradores de Empresas<\/strong>: Los administradores de empresas, independientemente de su participaci\u00f3n en el capital social, tambi\u00e9n se benefician de este r\u00e9gimen. Esto es relevante para aquellos que desempe\u00f1an roles clave en empresas pero no tienen una participaci\u00f3n significativa en t\u00e9rminos de acciones.<\/li>\n<\/ul>\n<p><strong>Emprendedores y Profesionales Altamente Cualificados<\/strong><\/p>\n<ul>\n<li><strong>Emprendedores<\/strong>: La inclusi\u00f3n de emprendedores en este r\u00e9gimen especial es un claro indicativo del enfoque de Espa\u00f1a en fomentar la innovaci\u00f3n y el emprendimiento. Los criterios para calificar como emprendedor bajo este r\u00e9gimen son espec\u00edficos y est\u00e1n orientados a actividades innovadoras de inter\u00e9s para la econom\u00eda espa\u00f1ola.<\/li>\n<li><strong>Profesionales Altamente Cualificados<\/strong>: La definici\u00f3n de profesionales altamente cualificados se alinea con el deseo de atraer talento especializado a Espa\u00f1a. Este grupo incluye a aquellos con habilidades o conocimientos espec\u00edficos, especialmente en sectores relacionados con empresas emergentes, investigaci\u00f3n y desarrollo.<\/li>\n<\/ul>\n<h3><strong>Tributaci\u00f3n de Familiares y Otras Personas Asociadas<\/strong><\/h3>\n<ul>\n<li><strong>Inclusi\u00f3n de Familiares en el R\u00e9gimen<\/strong>: Esta es una faceta importante de la nueva legislaci\u00f3n. Permite que los hijos y el c\u00f3nyuge o pareja del contribuyente principal tambi\u00e9n se acojan al r\u00e9gimen especial, siempre que cumplan ciertas condiciones. Esto facilita la movilidad de las familias y ofrece un incentivo adicional para aquellos que consideran trasladarse a Espa\u00f1a.<\/li>\n<\/ul>\n<h3><strong>Modificaciones Espec\u00edficas en el Reglamento del IRPF<\/strong><\/h3>\n<ol>\n<li><strong>Cambio en la Denominaci\u00f3n del Cap\u00edtulo<\/strong>: El cambio de t\u00edtulo en el cap\u00edtulo I del t\u00edtulo VIII es m\u00e1s que una mera formalidad. Refleja un esfuerzo por clarificar y actualizar la legislaci\u00f3n para que sea m\u00e1s comprensible y relevante para las situaciones actuales.<\/li>\n<\/ol>\n<ol>\n<li><strong>Actualizaci\u00f3n del Art\u00edculo 113<\/strong>: Esta modificaci\u00f3n es crucial, ya que redefine el \u00e1mbito de aplicaci\u00f3n del r\u00e9gimen especial. La inclusi\u00f3n de los nuevos grupos de personas elegibles, como trabajadores a distancia y profesionales altamente cualificados, muestra un enfoque en la diversificaci\u00f3n y modernizaci\u00f3n de la fuerza laboral en Espa\u00f1a.<\/li>\n<li><strong>Detalles sobre la Deuda Tributaria<\/strong>: La clarificaci\u00f3n en cuanto a c\u00f3mo se calcula la deuda tributaria para los beneficiarios de este r\u00e9gimen es vital. Esto incluye aspectos como los rendimientos del trabajo y las actividades econ\u00f3micas, lo que demuestra un esfuerzo por adaptar la fiscalidad a la realidad econ\u00f3mica y profesional de los individuos.<\/li>\n<li><strong>Obligaciones Formales de los Contribuyentes<\/strong>: Al establecer nuevas obligaciones para quienes obtienen rendimientos de actividades econ\u00f3micas, se busca garantizar la transparencia y el cumplimiento de las normas fiscales. Esto es particularmente relevante en un contexto donde las actividades econ\u00f3micas transfronterizas son cada vez m\u00e1s comunes.<\/li>\n<li><strong>Duraci\u00f3n del R\u00e9gimen para Contribuyentes Asociados<\/strong>: Adaptar la duraci\u00f3n del r\u00e9gimen para los familiares y personas asociadas al contribuyente principal es un movimiento inclusivo. Permite que las familias y parejas se beneficien de una coherencia fiscal mientras permanecen en Espa\u00f1a, lo que podr\u00eda incentivar a m\u00e1s profesionales a considerar un traslado a este pa\u00eds.<\/li>\n<li><strong>Ejercicio de la Opci\u00f3n y Comunicaciones a la Administraci\u00f3n Tributaria<\/strong>: Establecer plazos y formas claras para comunicar la elecci\u00f3n por este r\u00e9gimen es esencial para evitar confusiones y garantizar que los contribuyentes cumplan con sus obligaciones fiscales de manera eficiente.<\/li>\n<li><strong>Renuncia al R\u00e9gimen<\/strong>: La posibilidad de que los contribuyentes asociados renuncien al r\u00e9gimen de forma individual ofrece flexibilidad y reconoce las diferentes circunstancias personales que pueden influir en la decisi\u00f3n fiscal de un individuo.<\/li>\n<li><strong>Exclusi\u00f3n del R\u00e9gimen<\/strong>: Definir las condiciones bajo las cuales los contribuyentes asociados pueden ser excluidos del r\u00e9gimen es fundamental para mantener la integridad y el prop\u00f3sito del r\u00e9gimen. Esto asegura que solo aquellos que cumplen con los criterios establecidos puedan beneficiarse de sus ventajas.<\/li>\n<li><strong>Disposici\u00f3n Transitoria<\/strong>: La inclusi\u00f3n de una disposici\u00f3n transitoria para ciertos contribuyentes refleja un enfoque considerado hacia aquellos que podr\u00edan estar en medio de un cambio de residencia fiscal. Ofrece una ventana para adaptarse a los nuevos requisitos sin penalizaci\u00f3n.<\/li>\n<\/ol>\n<h3><strong>Conclusiones: Implicaciones y Recomendaciones<\/strong><\/h3>\n<p>Estos cambios legislativos tienen implicaciones profundas para aquellos que consideran trasladarse a Espa\u00f1a para trabajar, invertir, emprender o administrar empresas. Al hacer su legislaci\u00f3n fiscal m\u00e1s inclusiva y adaptada a las realidades modernas del trabajo y la inversi\u00f3n, Espa\u00f1a se posiciona como un destino atractivo para el talento internacional y la inversi\u00f3n.<\/p>\n<p>Recomendaciones para los afectados:<\/p>\n<ol>\n<li><strong>Consulta con<\/strong> <strong>Asesores Fiscales<\/strong>: Es crucial que aquellos afectados por estos cambios consulten con asesores fiscales especializados. La legislaci\u00f3n fiscal puede ser compleja, y las circunstancias individuales var\u00edan significativamente. Un asesor fiscal puede proporcionar orientaci\u00f3n personalizada y asegurar que se cumplan todas las obligaciones y se aprovechen las ventajas del r\u00e9gimen.<\/li>\n<\/ol>\n<ol>\n<li><strong>Mantenerse Informado<\/strong>: Las leyes fiscales est\u00e1n sujetas a cambios y actualizaciones. Es importante que los contribuyentes se mantengan informados sobre cualquier modificaci\u00f3n que pueda afectar su situaci\u00f3n fiscal.<\/li>\n<li><strong>Cumplir con las Obligaciones Formales<\/strong>: Dada la importancia de las nuevas obligaciones formales y de comunicaci\u00f3n, los contribuyentes deben ser diligentes en mantener registros precisos y cumplir con los plazos establecidos para evitar sanciones o complicaciones.<\/li>\n<li><strong>Considerar las Oportunidades<\/strong>: Este r\u00e9gimen especial ofrece oportunidades significativas para la planificaci\u00f3n fiscal y la residencia en Espa\u00f1a. Los profesionales y empresarios deben evaluar c\u00f3mo estos cambios pueden beneficiar su situaci\u00f3n personal y profesional.<\/li>\n<li><strong>Preparaci\u00f3n para la Integraci\u00f3n en Espa\u00f1a<\/strong>: Adem\u00e1s de los aspectos fiscales, aquellos que se trasladen a Espa\u00f1a deben considerar otros aspectos de la integraci\u00f3n, como el conocimiento del idioma, la cultura local y las normativas laborales y de negocios.<\/li>\n<\/ol>\n<h3><strong>Perspectiva General<\/strong><\/h3>\n<p>En resumen, la Ley 28\/2022 representa un paso adelante significativo en la adaptaci\u00f3n de la legislaci\u00f3n fiscal espa\u00f1ola a las necesidades de una econom\u00eda globalizada. Al incluir a trabajadores remotos, emprendedores y profesionales altamente cualificados, junto con sus familias, en el r\u00e9gimen especial, Espa\u00f1a muestra su compromiso de ser un centro atractivo para la innovaci\u00f3n y el talento internacional.<\/p>\n<p>Los beneficios de estos cambios no solo se limitan a los individuos y familias que se trasladan a Espa\u00f1a, sino que tambi\u00e9n tienen un impacto positivo en la econom\u00eda local. Al atraer talento y habilidades especializadas, se fomenta la creaci\u00f3n de empleo, la inversi\u00f3n y el desarrollo econ\u00f3mico.<\/p>\n<p>Sin embargo, es esencial abordar estos cambios con un enfoque informado y planificado. La complejidad de la legislaci\u00f3n fiscal requiere una comprensi\u00f3n detallada y una aplicaci\u00f3n cuidadosa para maximizar los beneficios y minimizar los riesgos potenciales.<\/p>\n<h3><strong>Conclusi\u00f3n<\/strong><\/h3>\n<p>La Ley 28\/2022 es un claro indicativo de la direcci\u00f3n en la que Espa\u00f1a desea avanzar: una naci\u00f3n abierta a la innovaci\u00f3n, la diversidad y el talento global. Con estos cambios, Espa\u00f1a no solo mejora su atractivo como destino para profesionales y empresarios internacionales, sino que tambi\u00e9n establece un marco fiscal m\u00e1s flexible y moderno. Este enfoque proactivo en la legislaci\u00f3n fiscal es un paso vital hacia la creaci\u00f3n de un entorno empresarial y profesional m\u00e1s din\u00e1mico y competitivo en la escena mundial.<\/p>\n<\/div><\/div><\/div><\/div><\/div><div class=\"fusion-fullwidth fullwidth-box fusion-builder-row-2 fusion-flex-container nonhundred-percent-fullwidth non-hundred-percent-height-scrolling modals\" style=\"--awb-border-radius-top-left:0px;--awb-border-radius-top-right:0px;--awb-border-radius-bottom-right:0px;--awb-border-radius-bottom-left:0px;--awb-flex-wrap:wrap;\" ><div class=\"fusion-builder-row fusion-row fusion-flex-align-items-flex-start fusion-flex-content-wrap\" style=\"max-width:calc( 1200px + 0px );margin-left: calc(-0px \/ 2 );margin-right: calc(-0px \/ 2 );\"><div class=\"fusion-layout-column fusion_builder_column fusion-builder-column-1 fusion_builder_column_1_1 1_1 fusion-flex-column\" style=\"--awb-bg-blend:overlay;--awb-bg-size:cover;--awb-width-large:100%;--awb-margin-top-large:0px;--awb-spacing-right-large:0px;--awb-margin-bottom-large:0px;--awb-spacing-left-large:0px;--awb-width-medium:100%;--awb-spacing-right-medium:0px;--awb-spacing-left-medium:0px;--awb-width-small:100%;--awb-spacing-right-small:0px;--awb-spacing-left-small:0px;\"><div class=\"fusion-column-wrapper fusion-column-has-shadow fusion-flex-justify-content-flex-start fusion-content-layout-column\"><div class=\"fusion-modal modal fade modal-1 share share-modal\" tabindex=\"-1\" role=\"dialog\" aria-labelledby=\"modal-heading-1\" aria-hidden=\"true\" style=\"--awb-border-color:#ebebeb;--awb-background:#f6f6f6;\"><div class=\"modal-dialog modal-lg\" role=\"document\"><div class=\"modal-content fusion-modal-content\"><div class=\"modal-header\"><button class=\"close\" type=\"button\" data-dismiss=\"modal\" aria-hidden=\"true\" aria-label=\"Close\">&times;<\/button><h3 class=\"modal-title\" id=\"modal-heading-1\" data-dismiss=\"modal\" aria-hidden=\"true\">Share:<\/h3><\/div><div class=\"modal-body fusion-clearfix\"><\/div><\/div><\/div><\/div><\/div><\/div><\/div><div class=\"fusion-builder-row fusion-row fusion-flex-align-items-flex-start fusion-flex-content-wrap\" style=\"max-width:calc( 1200px + 0px );margin-left: calc(-0px \/ 2 );margin-right: calc(-0px \/ 2 );\"><\/div><\/div>\n<div class=\"fusion-fullwidth fullwidth-box fusion-builder-row-3 fusion-flex-container nonhundred-percent-fullwidth non-hundred-percent-height-scrolling\" style=\"--awb-border-radius-top-left:0px;--awb-border-radius-top-right:0px;--awb-border-radius-bottom-right:0px;--awb-border-radius-bottom-left:0px;--awb-flex-wrap:wrap;\" ><div class=\"fusion-builder-row fusion-row fusion-flex-align-items-flex-start fusion-flex-content-wrap\" style=\"max-width:1248px;margin-left: calc(-4% \/ 2 );margin-right: calc(-4% \/ 2 );\"><div class=\"fusion-layout-column fusion_builder_column fusion-builder-column-2 fusion_builder_column_1_1 1_1 fusion-flex-column fusion-animated small-column\" style=\"--awb-padding-top:5px;--awb-padding-right:10px;--awb-padding-left:10px;--awb-overflow:hidden;--awb-bg-color:#f9f9f9;--awb-bg-color-hover:#f9f9f9;--awb-bg-size:cover;--awb-border-color:#dbdbdb;--awb-border-top:1px;--awb-border-right:1px;--awb-border-bottom:1px;--awb-border-left:1px;--awb-border-style:solid;--awb-border-radius:3px 3px 3px 3px;--awb-width-large:100%;--awb-margin-top-large:0px;--awb-spacing-right-large:1.92%;--awb-margin-bottom-large:20px;--awb-spacing-left-large:1.92%;--awb-width-medium:100%;--awb-order-medium:0;--awb-spacing-right-medium:1.92%;--awb-spacing-left-medium:1.92%;--awb-width-small:100%;--awb-order-small:0;--awb-spacing-right-small:1.92%;--awb-spacing-left-small:1.92%;\" data-animationType=\"fadeInUp\" data-animationDuration=\"0.4\" data-animationOffset=\"top-into-view\"><div class=\"fusion-column-wrapper fusion-column-has-shadow fusion-flex-justify-content-flex-start fusion-content-layout-column\"><script data-b24-form=\"click\/20\/a1p9wo\" data-skip-moving=\"true\">\n        (function(w,d,u){\n                var s=d.createElement('script');s.async=true;s.src=u+'?'+(Date.now()\/180000|0);\n                var h=d.getElementsByTagName('script')[0];h.parentNode.insertBefore(s,h);\n        })(window,document,'https:\/\/cdn.bitrix24.es\/b16501187\/crm\/form\/loader_20.js');\n<\/script><div class=\"fusion-text fusion-text-2\"><div class=\"fusion-fullwidth fullwidth-box fusion-builder-row-1 fusion-flex-container has-pattern-background has-mask-background nonhundred-percent-fullwidth non-hundred-percent-height-scrolling\">\n<div class=\"fusion-builder-row fusion-row fusion-flex-align-items-flex-start fusion-flex-content-wrap\">\n<div class=\"fusion-layout-column fusion_builder_column fusion-builder-column-0 fusion_builder_column_1_1 1_1 fusion-flex-column small-column fusion-animated\" data-animationtype=\"fadeInUp\" data-animationduration=\"0.4\" data-animationoffset=\"top-into-view\">\n<div class=\"fusion-column-wrapper fusion-column-has-shadow fusion-flex-justify-content-flex-start fusion-content-layout-column\">\n<div class=\"fusion-text fusion-text-1\">\n<p style=\"text-align: center;\">Nos ponemos a tu disposici\u00f3n para comentar tu caso con mayor detalle. <div class=\"fusion-button-wrapper fusion-aligncenter\"><a class=\"fusion-button button-flat fusion-button-default-size button-default fusion-button-default button-1 fusion-button-default-span fusion-button-default-type\" style=\"--button-border-radius-top-left:4px;--button-border-radius-top-right:4px;--button-border-radius-bottom-right:4px;--button-border-radius-bottom-left:4px;\" target=\"_self\"><span class=\"fusion-button-text awb-button__text awb-button__text--default\">ENVIAR MENSAJE<\/span><\/a><\/div>\n<\/div>\n<\/div>\n<\/div>\n<\/div>\n<\/div>\n<\/div><\/div><\/div><\/div><\/div><\/p>\n","protected":false},"excerpt":{"rendered":"","protected":false},"author":2,"featured_media":17434,"comment_status":"open","ping_status":"open","sticky":false,"template":"","format":"standard","meta":{"footnotes":""},"categories":[144],"tags":[431],"class_list":["post-18488","post","type-post","status-publish","format-standard","has-post-thumbnail","hentry","category-tax-advice-blog","tag-tax-advisor"],"yoast_head":"<!-- This site is optimized with the Yoast SEO plugin v27.5 - https:\/\/yoast.com\/product\/yoast-seo-wordpress\/ -->\n<title>Actualizaciones en el Impuesto sobre la Renta para Trabajadores y Profesionales Extranjeros en Espa\u00f1a desde Diciembre 2023 | ILIA ETL GLOBAL<\/title>\n<meta name=\"description\" content=\"&quot;Descubre las actualizaciones de la Ley del IRPF de 2023 en Espa\u00f1a y su efecto en trabajadores remotos, emprendedores e inversores globales.&quot;\" \/>\n<meta name=\"robots\" content=\"index, follow, max-snippet:-1, max-image-preview:large, max-video-preview:-1\" \/>\n<link rel=\"canonical\" href=\"https:\/\/etl-ilia.es\/en\/tax-advice-blog\/actualizaciones-irpf-profesionales-extranjeros-2023\/\" \/>\n<meta property=\"og:locale\" content=\"en_US\" \/>\n<meta property=\"og:type\" content=\"article\" \/>\n<meta property=\"og:title\" content=\"Actualizaciones en el Impuesto sobre la Renta para Trabajadores y Profesionales Extranjeros en Espa\u00f1a desde Diciembre 2023 | ILIA ETL GLOBAL\" \/>\n<meta property=\"og:description\" content=\"&quot;Descubre las actualizaciones de la Ley del IRPF de 2023 en Espa\u00f1a y su efecto en trabajadores remotos, emprendedores e inversores globales.&quot;\" \/>\n<meta property=\"og:url\" content=\"https:\/\/etl-ilia.es\/en\/tax-advice-blog\/actualizaciones-irpf-profesionales-extranjeros-2023\/\" \/>\n<meta property=\"og:site_name\" content=\"ILIA ETL GLOBAL\" \/>\n<meta property=\"article:publisher\" content=\"https:\/\/www.facebook.com\/IliaConsultoria\/\" \/>\n<meta property=\"article:published_time\" content=\"2024-01-15T13:31:11+00:00\" \/>\n<meta property=\"og:image\" content=\"https:\/\/etl-ilia.es\/wp-content\/uploads\/2024\/01\/Actualizaciones-IRPF-2023-ETL-ILIA.jpg\" \/>\n\t<meta property=\"og:image:width\" content=\"1280\" \/>\n\t<meta property=\"og:image:height\" content=\"853\" \/>\n\t<meta property=\"og:image:type\" content=\"image\/jpeg\" \/>\n<meta name=\"author\" content=\"ETL ILIA\" \/>\n<meta name=\"twitter:card\" content=\"summary_large_image\" \/>\n<meta name=\"twitter:creator\" content=\"@IliaConsultoria\" \/>\n<meta name=\"twitter:site\" content=\"@IliaConsultoria\" \/>\n<!-- \/ Yoast SEO plugin. -->","yoast_head_json":{"title":"Actualizaciones en el Impuesto sobre la Renta para Trabajadores y Profesionales Extranjeros en Espa\u00f1a desde Diciembre 2023 | ILIA ETL GLOBAL","description":"\"Descubre las actualizaciones de la Ley del IRPF de 2023 en Espa\u00f1a y su efecto en trabajadores remotos, emprendedores e inversores globales.\"","robots":{"index":"index","follow":"follow","max-snippet":"max-snippet:-1","max-image-preview":"max-image-preview:large","max-video-preview":"max-video-preview:-1"},"canonical":"https:\/\/etl-ilia.es\/en\/tax-advice-blog\/actualizaciones-irpf-profesionales-extranjeros-2023\/","og_locale":"en_US","og_type":"article","og_title":"Actualizaciones en el Impuesto sobre la Renta para Trabajadores y Profesionales Extranjeros en Espa\u00f1a desde Diciembre 2023 | ILIA ETL GLOBAL","og_description":"\"Descubre las actualizaciones de la Ley del IRPF de 2023 en Espa\u00f1a y su efecto en trabajadores remotos, emprendedores e inversores globales.\"","og_url":"https:\/\/etl-ilia.es\/en\/tax-advice-blog\/actualizaciones-irpf-profesionales-extranjeros-2023\/","og_site_name":"ILIA ETL GLOBAL","article_publisher":"https:\/\/www.facebook.com\/IliaConsultoria\/","article_published_time":"2024-01-15T13:31:11+00:00","og_image":[{"width":1280,"height":853,"url":"https:\/\/etl-ilia.es\/wp-content\/uploads\/2024\/01\/Actualizaciones-IRPF-2023-ETL-ILIA.jpg","type":"image\/jpeg"}],"author":"ETL ILIA","twitter_card":"summary_large_image","twitter_creator":"@IliaConsultoria","twitter_site":"@IliaConsultoria","schema":{"@context":"https:\/\/schema.org","@graph":[{"@type":"Article","@id":"https:\/\/etl-ilia.es\/en\/tax-advice-blog\/actualizaciones-irpf-profesionales-extranjeros-2023\/#article","isPartOf":{"@id":"https:\/\/etl-ilia.es\/en\/tax-advice-blog\/actualizaciones-irpf-profesionales-extranjeros-2023\/"},"author":{"name":"ETL ILIA","@id":"https:\/\/etl-ilia.es\/en\/#\/schema\/person\/8a093428448641ac0e4e0db58aa5029b"},"headline":"Actualizaciones en el Impuesto sobre la Renta para Trabajadores y Profesionales Extranjeros en Espa\u00f1a desde Diciembre 2023","datePublished":"2024-01-15T13:31:11+00:00","mainEntityOfPage":{"@id":"https:\/\/etl-ilia.es\/en\/tax-advice-blog\/actualizaciones-irpf-profesionales-extranjeros-2023\/"},"wordCount":3199,"commentCount":0,"publisher":{"@id":"https:\/\/etl-ilia.es\/en\/#organization"},"image":{"@id":"https:\/\/etl-ilia.es\/en\/tax-advice-blog\/actualizaciones-irpf-profesionales-extranjeros-2023\/#primaryimage"},"thumbnailUrl":"https:\/\/etl-ilia.es\/wp-content\/uploads\/2024\/01\/Actualizaciones-IRPF-2023-ETL-ILIA.jpg","keywords":["Tax Advisor"],"articleSection":["Tax Advice Blog"],"inLanguage":"en-US","potentialAction":[{"@type":"CommentAction","name":"Comment","target":["https:\/\/etl-ilia.es\/en\/tax-advice-blog\/actualizaciones-irpf-profesionales-extranjeros-2023\/#respond"]}]},{"@type":"WebPage","@id":"https:\/\/etl-ilia.es\/en\/tax-advice-blog\/actualizaciones-irpf-profesionales-extranjeros-2023\/","url":"https:\/\/etl-ilia.es\/en\/tax-advice-blog\/actualizaciones-irpf-profesionales-extranjeros-2023\/","name":"Actualizaciones en el Impuesto sobre la Renta para Trabajadores y Profesionales Extranjeros en Espa\u00f1a desde Diciembre 2023 | ILIA ETL GLOBAL","isPartOf":{"@id":"https:\/\/etl-ilia.es\/en\/#website"},"primaryImageOfPage":{"@id":"https:\/\/etl-ilia.es\/en\/tax-advice-blog\/actualizaciones-irpf-profesionales-extranjeros-2023\/#primaryimage"},"image":{"@id":"https:\/\/etl-ilia.es\/en\/tax-advice-blog\/actualizaciones-irpf-profesionales-extranjeros-2023\/#primaryimage"},"thumbnailUrl":"https:\/\/etl-ilia.es\/wp-content\/uploads\/2024\/01\/Actualizaciones-IRPF-2023-ETL-ILIA.jpg","datePublished":"2024-01-15T13:31:11+00:00","description":"\"Descubre las actualizaciones de la Ley del IRPF de 2023 en Espa\u00f1a y su efecto en trabajadores remotos, emprendedores e inversores globales.\"","breadcrumb":{"@id":"https:\/\/etl-ilia.es\/en\/tax-advice-blog\/actualizaciones-irpf-profesionales-extranjeros-2023\/#breadcrumb"},"inLanguage":"en-US","potentialAction":[{"@type":"ReadAction","target":["https:\/\/etl-ilia.es\/en\/tax-advice-blog\/actualizaciones-irpf-profesionales-extranjeros-2023\/"]}]},{"@type":"ImageObject","inLanguage":"en-US","@id":"https:\/\/etl-ilia.es\/en\/tax-advice-blog\/actualizaciones-irpf-profesionales-extranjeros-2023\/#primaryimage","url":"https:\/\/etl-ilia.es\/wp-content\/uploads\/2024\/01\/Actualizaciones-IRPF-2023-ETL-ILIA.jpg","contentUrl":"https:\/\/etl-ilia.es\/wp-content\/uploads\/2024\/01\/Actualizaciones-IRPF-2023-ETL-ILIA.jpg","width":1280,"height":853,"caption":"Actualizaciones IRPF 2023 | ETL ILIA"},{"@type":"BreadcrumbList","@id":"https:\/\/etl-ilia.es\/en\/tax-advice-blog\/actualizaciones-irpf-profesionales-extranjeros-2023\/#breadcrumb","itemListElement":[{"@type":"ListItem","position":1,"name":"Portada","item":"https:\/\/etl-ilia.es\/en\/"},{"@type":"ListItem","position":2,"name":"Actualizaciones en el Impuesto sobre la Renta para Trabajadores y Profesionales Extranjeros en Espa\u00f1a desde Diciembre 2023"}]},{"@type":"WebSite","@id":"https:\/\/etl-ilia.es\/en\/#website","url":"https:\/\/etl-ilia.es\/en\/","name":"ETL ILIA","description":"Tax and Legal","publisher":{"@id":"https:\/\/etl-ilia.es\/en\/#organization"},"potentialAction":[{"@type":"SearchAction","target":{"@type":"EntryPoint","urlTemplate":"https:\/\/etl-ilia.es\/en\/?s={search_term_string}"},"query-input":{"@type":"PropertyValueSpecification","valueRequired":true,"valueName":"search_term_string"}}],"inLanguage":"en-US"},{"@type":"Organization","@id":"https:\/\/etl-ilia.es\/en\/#organization","name":"ETL ILIA","url":"https:\/\/etl-ilia.es\/en\/","logo":{"@type":"ImageObject","inLanguage":"en-US","@id":"https:\/\/etl-ilia.es\/en\/#\/schema\/logo\/image\/","url":"https:\/\/etl-ilia.es\/wp-content\/uploads\/2024\/11\/2024-Logo-ETL-ILIA-requadre-vermell-1.png","contentUrl":"https:\/\/etl-ilia.es\/wp-content\/uploads\/2024\/11\/2024-Logo-ETL-ILIA-requadre-vermell-1.png","width":500,"height":333,"caption":"ETL ILIA"},"image":{"@id":"https:\/\/etl-ilia.es\/en\/#\/schema\/logo\/image\/"},"sameAs":["https:\/\/www.facebook.com\/IliaConsultoria\/","https:\/\/x.com\/IliaConsultoria","https:\/\/www.linkedin.com\/company\/etl-ilia\/"]},{"@type":"Person","@id":"https:\/\/etl-ilia.es\/en\/#\/schema\/person\/8a093428448641ac0e4e0db58aa5029b","name":"ETL ILIA","image":{"@type":"ImageObject","inLanguage":"en-US","@id":"https:\/\/secure.gravatar.com\/avatar\/3a41b9e7f7223f83b639483a42886ff99e1a682b3e97bc90e72a6c5b5c9aac05?s=96&d=mm&r=g","url":"https:\/\/secure.gravatar.com\/avatar\/3a41b9e7f7223f83b639483a42886ff99e1a682b3e97bc90e72a6c5b5c9aac05?s=96&d=mm&r=g","contentUrl":"https:\/\/secure.gravatar.com\/avatar\/3a41b9e7f7223f83b639483a42886ff99e1a682b3e97bc90e72a6c5b5c9aac05?s=96&d=mm&r=g","caption":"ETL ILIA"},"description":"ETL ILIA es un despacho profesional especializado en asesor\u00eda fiscal y legal de empresas para el mercado nacional e internacional."}]}},"_links":{"self":[{"href":"https:\/\/etl-ilia.es\/en\/wp-json\/wp\/v2\/posts\/18488","targetHints":{"allow":["GET"]}}],"collection":[{"href":"https:\/\/etl-ilia.es\/en\/wp-json\/wp\/v2\/posts"}],"about":[{"href":"https:\/\/etl-ilia.es\/en\/wp-json\/wp\/v2\/types\/post"}],"author":[{"embeddable":true,"href":"https:\/\/etl-ilia.es\/en\/wp-json\/wp\/v2\/users\/2"}],"replies":[{"embeddable":true,"href":"https:\/\/etl-ilia.es\/en\/wp-json\/wp\/v2\/comments?post=18488"}],"version-history":[{"count":0,"href":"https:\/\/etl-ilia.es\/en\/wp-json\/wp\/v2\/posts\/18488\/revisions"}],"wp:featuredmedia":[{"embeddable":true,"href":"https:\/\/etl-ilia.es\/en\/wp-json\/wp\/v2\/media\/17434"}],"wp:attachment":[{"href":"https:\/\/etl-ilia.es\/en\/wp-json\/wp\/v2\/media?parent=18488"}],"wp:term":[{"taxonomy":"category","embeddable":true,"href":"https:\/\/etl-ilia.es\/en\/wp-json\/wp\/v2\/categories?post=18488"},{"taxonomy":"post_tag","embeddable":true,"href":"https:\/\/etl-ilia.es\/en\/wp-json\/wp\/v2\/tags?post=18488"}],"curies":[{"name":"wp","href":"https:\/\/api.w.org\/{rel}","templated":true}]}}