{"id":11576,"date":"2021-10-28T20:41:00","date_gmt":"2021-10-28T18:41:00","guid":{"rendered":"https:\/\/etl-ilia.es\/general\/tribunal-constitucional-anula-plusvalia-municipal\/"},"modified":"2021-10-29T13:02:43","modified_gmt":"2021-10-29T11:02:43","slug":"the-constitutional-court-annuls-the-municipal-capital-gain","status":"publish","type":"post","link":"https:\/\/etl-ilia.es\/en\/tax-advice-blog\/the-constitutional-court-annuls-the-municipal-capital-gain\/","title":{"rendered":"The Constitutional Court annuls the municipal capital gain"},"content":{"rendered":"<p><div class=\"fusion-fullwidth fullwidth-box fusion-builder-row-1 fusion-flex-container nonhundred-percent-fullwidth non-hundred-percent-height-scrolling\" style=\"--awb-border-radius-top-left:0px;--awb-border-radius-top-right:0px;--awb-border-radius-bottom-right:0px;--awb-border-radius-bottom-left:0px;--awb-flex-wrap:wrap;\" ><div class=\"fusion-builder-row fusion-row fusion-flex-align-items-flex-start fusion-flex-content-wrap\" style=\"max-width:1248px;margin-left: calc(-4% \/ 2 );margin-right: calc(-4% \/ 2 );\"><div class=\"fusion-layout-column fusion_builder_column fusion-builder-column-0 fusion_builder_column_1_1 1_1 fusion-flex-column fusion-animated small-column\" style=\"--awb-bg-size:cover;--awb-width-large:100%;--awb-margin-top-large:0px;--awb-spacing-right-large:1.92%;--awb-margin-bottom-large:20px;--awb-spacing-left-large:1.92%;--awb-width-medium:100%;--awb-spacing-right-medium:1.92%;--awb-spacing-left-medium:1.92%;--awb-width-small:100%;--awb-spacing-right-small:1.92%;--awb-spacing-left-small:1.92%;\" data-animationType=\"fadeInUp\" data-animationDuration=\"0.3\" data-animationOffset=\"top-into-view\"><div class=\"fusion-column-wrapper fusion-column-has-shadow fusion-flex-justify-content-flex-start fusion-content-layout-column\"><div class=\"fusion-text fusion-text-1 contenido-texto\" id=\"post\"><p class=\"intro\"><span data-preserver-spaces=\"true\">The <strong>Tax on the Increase in the Value of Urban Land<\/strong> has been the subject of great controversy in recent years in a jurisdictional way.<\/span><\/p>\n<p><span data-preserver-spaces=\"true\">Recall that already in 2017, the Constitutional Court ruled that the aforementioned tax went against the principle of economic capacity promulgated in article 31 of the Constitution in those cases in which it was taxed by this tax even when the sale of the property had been made at a loss.<\/span><\/p>\n<p><span data-preserver-spaces=\"true\">Following in the wake of these judgments, in 2019,<strong> the same body declared the payment of this tax null<\/strong> in those cases in which the amount to be paid exceeded the profit obtained by the taxpayer in the transfer of the property.<\/span><\/p>\n<p><span data-preserver-spaces=\"true\">And finally, this past Tuesday, October 26, 2021, the same Court took another step by declaring unconstitutional the method to determine the taxable base of the tax that appears in article 107 of the consolidated text of the Law regulating local finances.<\/span><\/p>\n<p><span data-preserver-spaces=\"true\">In summary, the ruling declares said calculation method unconstitutional because it is understood that it establishes an objective method for calculating the taxable base of the tax in which there is always an increase in the value of the land during the period of holding it, regardless of whether it there has been such an increase and the actual amount thereof.<\/span><\/p>\n<p><span data-preserver-spaces=\"true\">For its part, and after hearing the sentence, the <strong>Ministry of Finance and Public Function<\/strong> has communicated that it is finalizing a legal draft &#8220;that will guarantee the constitutionality of the tax, offer legal security to taxpayers and certainty to municipalities.&#8221; However, this poses a severe problem for those taxpayers who proceed these days to the sale of the property. However, this poses a severe problem for those taxpayers who sell a property these days. Until it is communicated what this new method should be, they find that they cannot settle the tribute with legal certainty before the local estates.<\/span><\/p>\n<blockquote>\n<p><strong>It will not have retroactive effects on those resolutions already declared final.<\/strong><\/p>\n<\/blockquote>\n<p><span data-preserver-spaces=\"true\">On the other hand, the same court ruling declares the intangibility of the firm situations existing before the date of approval of the sentence. In practice, this means that <strong>it will not have retroactive effects on those resolutions already declared final<\/strong>. Everything also seems to indicate that the verdict will provide that those settlements that were not contested before the date of the ruling, that is, October 26, 2021, may not be the object of a claim.<\/span><\/p>\n<p><span data-preserver-spaces=\"true\">In any case, in the absence of an in-depth analysis of the Court&#8217;s judgment, once it is published, it must be subject to analysis to determine whether or not it is possible to challenge before the relevant bodies the statements that have not yet been prescribed and that have not acquired firmness.<\/span><\/p>\n<p><span data-preserver-spaces=\"true\">Although it is true that such a claim, if finally possible, will entail management costs for taxpayers, this does not preclude that in those cases in which the capital gain has represented a high amount, it will proceed to raise the same. <\/span><\/p>\n<p><span data-preserver-spaces=\"true\">In any case, it will be necessary to evaluate the viability of said claim on a case-by-case basis. For this, it is essential to have the <strong>advice of professional experts<\/strong> in the field.<\/span><\/p>\n<\/div><\/div><\/div><\/div><\/div><div class=\"fusion-fullwidth fullwidth-box fusion-builder-row-2 fusion-flex-container nonhundred-percent-fullwidth non-hundred-percent-height-scrolling\" style=\"--awb-border-radius-top-left:0px;--awb-border-radius-top-right:0px;--awb-border-radius-bottom-right:0px;--awb-border-radius-bottom-left:0px;--awb-flex-wrap:wrap;\" ><div class=\"fusion-builder-row fusion-row fusion-flex-align-items-flex-start fusion-flex-content-wrap\" style=\"max-width:1248px;margin-left: calc(-4% \/ 2 );margin-right: calc(-4% \/ 2 );\"><div class=\"fusion-layout-column fusion_builder_column fusion-builder-column-1 fusion_builder_column_1_1 1_1 fusion-flex-column fusion-animated small-column\" style=\"--awb-padding-top:5px;--awb-padding-right:10px;--awb-padding-left:10px;--awb-overflow:hidden;--awb-bg-color:#f9f9f9;--awb-bg-color-hover:#f9f9f9;--awb-bg-size:cover;--awb-border-color:#dbdbdb;--awb-border-top:1px;--awb-border-right:1px;--awb-border-bottom:1px;--awb-border-left:1px;--awb-border-style:solid;--awb-border-radius:3px 3px 3px 3px;--awb-width-large:100%;--awb-margin-top-large:0px;--awb-spacing-right-large:1.92%;--awb-margin-bottom-large:20px;--awb-spacing-left-large:1.92%;--awb-width-medium:100%;--awb-order-medium:0;--awb-spacing-right-medium:1.92%;--awb-spacing-left-medium:1.92%;--awb-width-small:100%;--awb-order-small:0;--awb-spacing-right-small:1.92%;--awb-spacing-left-small:1.92%;\" data-animationType=\"fadeInUp\" data-animationDuration=\"0.4\" data-animationOffset=\"top-into-view\"><div class=\"fusion-column-wrapper fusion-column-has-shadow fusion-flex-justify-content-center fusion-content-layout-column\"><script data-b24-form=\"click\/30\/i5k01s\" data-skip-moving=\"true\">\n        (function(w,d,u){\n                var s=d.createElement('script');s.async=true;s.src=u+'?'+(Date.now()\/180000|0);\n                var h=d.getElementsByTagName('script')[0];h.parentNode.insertBefore(s,h);\n        })(window,document,'https:\/\/cdn.bitrix24.es\/b16501187\/crm\/form\/loader_30.js');\n<\/script><div class=\"fusion-text fusion-text-2\"><p class=\"intro\" style=\"text-align: center;\">If you have any questions, contact our <strong>tax advisers<\/strong>.<\/p>\n<p style=\"text-align: center;\"><div class=\"fusion-button-wrapper fusion-aligncenter\"><a class=\"fusion-button button-flat fusion-button-default-size button-default fusion-button-default button-1 fusion-button-default-span fusion-button-default-type\" style=\"--button-border-radius-top-left:4px;--button-border-radius-top-right:4px;--button-border-radius-bottom-right:4px;--button-border-radius-bottom-left:4px;\" target=\"_self\"><span class=\"fusion-button-text awb-button__text awb-button__text--default\">SEND INQUIRY<\/span><\/a><\/div><\/p>\n<\/div><\/div><\/div><\/div><\/div><\/p>\n","protected":false},"excerpt":{"rendered":"","protected":false},"author":11,"featured_media":11562,"comment_status":"open","ping_status":"open","sticky":false,"template":"","format":"standard","meta":{"footnotes":""},"categories":[144],"tags":[183,160,431,684],"class_list":["post-11576","post","type-post","status-publish","format-standard","has-post-thumbnail","hentry","category-tax-advice-blog","tag-irpf","tag-spanish-taxes","tag-tax-advisor","tag-taxes"],"yoast_head":"<!-- This site is optimized with the Yoast SEO plugin v27.5 - https:\/\/yoast.com\/product\/yoast-seo-wordpress\/ -->\n<title>The Constitutional Court annuls the municipal capital gain | ILIA ETL GLOBAL<\/title>\n<meta name=\"description\" content=\"El TC ha declarado inconstitucional el m\u00e9todo para determinar de la base imponible de la plusval\u00eda municipal, sin car\u00e1cter retroactivo.\" \/>\n<meta name=\"robots\" content=\"index, follow, max-snippet:-1, max-image-preview:large, max-video-preview:-1\" \/>\n<link rel=\"canonical\" href=\"https:\/\/etl-ilia.es\/en\/tax-advice-blog\/the-constitutional-court-annuls-the-municipal-capital-gain\/\" \/>\n<meta property=\"og:locale\" content=\"en_US\" \/>\n<meta property=\"og:type\" content=\"article\" \/>\n<meta property=\"og:title\" content=\"The Constitutional Court annuls the municipal capital gain | ILIA ETL GLOBAL\" \/>\n<meta property=\"og:description\" content=\"El TC ha declarado inconstitucional el m\u00e9todo para determinar de la base imponible de la plusval\u00eda municipal, sin car\u00e1cter retroactivo.\" \/>\n<meta property=\"og:url\" content=\"https:\/\/etl-ilia.es\/en\/tax-advice-blog\/the-constitutional-court-annuls-the-municipal-capital-gain\/\" \/>\n<meta property=\"og:site_name\" content=\"ILIA ETL GLOBAL\" \/>\n<meta property=\"article:publisher\" content=\"https:\/\/www.facebook.com\/IliaConsultoria\/\" \/>\n<meta property=\"article:published_time\" content=\"2021-10-28T18:41:00+00:00\" \/>\n<meta property=\"article:modified_time\" content=\"2021-10-29T11:02:43+00:00\" \/>\n<meta property=\"og:image\" content=\"https:\/\/etl-ilia.es\/wp-content\/uploads\/2021\/10\/El-Tribunal-Constitucional-anula-la-plusvali\u0301a-municipal-ILIA-Consulting.jpg\" \/>\n\t<meta property=\"og:image:width\" content=\"1280\" \/>\n\t<meta property=\"og:image:height\" content=\"853\" \/>\n\t<meta property=\"og:image:type\" content=\"image\/jpeg\" \/>\n<meta name=\"author\" content=\"Xavier Vilalta\" \/>\n<meta name=\"twitter:card\" content=\"summary_large_image\" \/>\n<meta name=\"twitter:creator\" content=\"@IliaConsultoria\" \/>\n<meta name=\"twitter:site\" content=\"@IliaConsultoria\" \/>\n<!-- \/ Yoast SEO plugin. -->","yoast_head_json":{"title":"The Constitutional Court annuls the municipal capital gain | ILIA ETL GLOBAL","description":"El TC ha declarado inconstitucional el m\u00e9todo para determinar de la base imponible de la plusval\u00eda municipal, sin car\u00e1cter retroactivo.","robots":{"index":"index","follow":"follow","max-snippet":"max-snippet:-1","max-image-preview":"max-image-preview:large","max-video-preview":"max-video-preview:-1"},"canonical":"https:\/\/etl-ilia.es\/en\/tax-advice-blog\/the-constitutional-court-annuls-the-municipal-capital-gain\/","og_locale":"en_US","og_type":"article","og_title":"The Constitutional Court annuls the municipal capital gain | ILIA ETL GLOBAL","og_description":"El TC ha declarado inconstitucional el m\u00e9todo para determinar de la base imponible de la plusval\u00eda municipal, sin car\u00e1cter retroactivo.","og_url":"https:\/\/etl-ilia.es\/en\/tax-advice-blog\/the-constitutional-court-annuls-the-municipal-capital-gain\/","og_site_name":"ILIA ETL GLOBAL","article_publisher":"https:\/\/www.facebook.com\/IliaConsultoria\/","article_published_time":"2021-10-28T18:41:00+00:00","article_modified_time":"2021-10-29T11:02:43+00:00","og_image":[{"width":1280,"height":853,"url":"https:\/\/etl-ilia.es\/wp-content\/uploads\/2021\/10\/El-Tribunal-Constitucional-anula-la-plusvali\u0301a-municipal-ILIA-Consulting.jpg","type":"image\/jpeg"}],"author":"Xavier Vilalta","twitter_card":"summary_large_image","twitter_creator":"@IliaConsultoria","twitter_site":"@IliaConsultoria","schema":{"@context":"https:\/\/schema.org","@graph":[{"@type":"Article","@id":"https:\/\/etl-ilia.es\/en\/tax-advice-blog\/the-constitutional-court-annuls-the-municipal-capital-gain\/#article","isPartOf":{"@id":"https:\/\/etl-ilia.es\/en\/tax-advice-blog\/the-constitutional-court-annuls-the-municipal-capital-gain\/"},"author":{"name":"Xavier Vilalta","@id":"https:\/\/etl-ilia.es\/en\/#\/schema\/person\/54bd5bec2596a186ae132708f9193032"},"headline":"The Constitutional Court annuls the municipal capital gain","datePublished":"2021-10-28T18:41:00+00:00","dateModified":"2021-10-29T11:02:43+00:00","mainEntityOfPage":{"@id":"https:\/\/etl-ilia.es\/en\/tax-advice-blog\/the-constitutional-court-annuls-the-municipal-capital-gain\/"},"wordCount":1634,"commentCount":0,"publisher":{"@id":"https:\/\/etl-ilia.es\/en\/#organization"},"image":{"@id":"https:\/\/etl-ilia.es\/en\/tax-advice-blog\/the-constitutional-court-annuls-the-municipal-capital-gain\/#primaryimage"},"thumbnailUrl":"https:\/\/etl-ilia.es\/wp-content\/uploads\/2021\/10\/El-Tribunal-Constitucional-anula-la-plusvali\u0301a-municipal-ILIA-Consulting.jpg","keywords":["IRPF","Spanish Taxes","Tax Advisor","Taxes"],"articleSection":["Tax Advice Blog"],"inLanguage":"en-US","potentialAction":[{"@type":"CommentAction","name":"Comment","target":["https:\/\/etl-ilia.es\/en\/tax-advice-blog\/the-constitutional-court-annuls-the-municipal-capital-gain\/#respond"]}]},{"@type":"WebPage","@id":"https:\/\/etl-ilia.es\/en\/tax-advice-blog\/the-constitutional-court-annuls-the-municipal-capital-gain\/","url":"https:\/\/etl-ilia.es\/en\/tax-advice-blog\/the-constitutional-court-annuls-the-municipal-capital-gain\/","name":"The Constitutional Court annuls the municipal capital gain | ILIA ETL GLOBAL","isPartOf":{"@id":"https:\/\/etl-ilia.es\/en\/#website"},"primaryImageOfPage":{"@id":"https:\/\/etl-ilia.es\/en\/tax-advice-blog\/the-constitutional-court-annuls-the-municipal-capital-gain\/#primaryimage"},"image":{"@id":"https:\/\/etl-ilia.es\/en\/tax-advice-blog\/the-constitutional-court-annuls-the-municipal-capital-gain\/#primaryimage"},"thumbnailUrl":"https:\/\/etl-ilia.es\/wp-content\/uploads\/2021\/10\/El-Tribunal-Constitucional-anula-la-plusvali\u0301a-municipal-ILIA-Consulting.jpg","datePublished":"2021-10-28T18:41:00+00:00","dateModified":"2021-10-29T11:02:43+00:00","description":"El TC ha declarado inconstitucional el m\u00e9todo para determinar de la base imponible de la plusval\u00eda municipal, sin car\u00e1cter retroactivo.","breadcrumb":{"@id":"https:\/\/etl-ilia.es\/en\/tax-advice-blog\/the-constitutional-court-annuls-the-municipal-capital-gain\/#breadcrumb"},"inLanguage":"en-US","potentialAction":[{"@type":"ReadAction","target":["https:\/\/etl-ilia.es\/en\/tax-advice-blog\/the-constitutional-court-annuls-the-municipal-capital-gain\/"]}]},{"@type":"ImageObject","inLanguage":"en-US","@id":"https:\/\/etl-ilia.es\/en\/tax-advice-blog\/the-constitutional-court-annuls-the-municipal-capital-gain\/#primaryimage","url":"https:\/\/etl-ilia.es\/wp-content\/uploads\/2021\/10\/El-Tribunal-Constitucional-anula-la-plusvali\u0301a-municipal-ILIA-Consulting.jpg","contentUrl":"https:\/\/etl-ilia.es\/wp-content\/uploads\/2021\/10\/El-Tribunal-Constitucional-anula-la-plusvali\u0301a-municipal-ILIA-Consulting.jpg","width":1280,"height":853,"caption":"El Tribunal Constitucional anula la plusvali\u0301a municipal | ETL ILIA"},{"@type":"BreadcrumbList","@id":"https:\/\/etl-ilia.es\/en\/tax-advice-blog\/the-constitutional-court-annuls-the-municipal-capital-gain\/#breadcrumb","itemListElement":[{"@type":"ListItem","position":1,"name":"Portada","item":"https:\/\/etl-ilia.es\/en\/"},{"@type":"ListItem","position":2,"name":"The Constitutional Court annuls the municipal capital gain"}]},{"@type":"WebSite","@id":"https:\/\/etl-ilia.es\/en\/#website","url":"https:\/\/etl-ilia.es\/en\/","name":"ETL ILIA","description":"Tax and Legal","publisher":{"@id":"https:\/\/etl-ilia.es\/en\/#organization"},"potentialAction":[{"@type":"SearchAction","target":{"@type":"EntryPoint","urlTemplate":"https:\/\/etl-ilia.es\/en\/?s={search_term_string}"},"query-input":{"@type":"PropertyValueSpecification","valueRequired":true,"valueName":"search_term_string"}}],"inLanguage":"en-US"},{"@type":"Organization","@id":"https:\/\/etl-ilia.es\/en\/#organization","name":"ETL ILIA","url":"https:\/\/etl-ilia.es\/en\/","logo":{"@type":"ImageObject","inLanguage":"en-US","@id":"https:\/\/etl-ilia.es\/en\/#\/schema\/logo\/image\/","url":"https:\/\/etl-ilia.es\/wp-content\/uploads\/2024\/11\/2024-Logo-ETL-ILIA-requadre-vermell-1.png","contentUrl":"https:\/\/etl-ilia.es\/wp-content\/uploads\/2024\/11\/2024-Logo-ETL-ILIA-requadre-vermell-1.png","width":500,"height":333,"caption":"ETL ILIA"},"image":{"@id":"https:\/\/etl-ilia.es\/en\/#\/schema\/logo\/image\/"},"sameAs":["https:\/\/www.facebook.com\/IliaConsultoria\/","https:\/\/x.com\/IliaConsultoria","https:\/\/www.linkedin.com\/company\/etl-ilia\/"]},{"@type":"Person","@id":"https:\/\/etl-ilia.es\/en\/#\/schema\/person\/54bd5bec2596a186ae132708f9193032","name":"Xavier Vilalta","image":{"@type":"ImageObject","inLanguage":"en-US","@id":"https:\/\/secure.gravatar.com\/avatar\/91cf7af307a86e4d99a0af09f4ac88cbadca838b06d2e9ffc1fae096a9fee84d?s=96&d=mm&r=g","url":"https:\/\/secure.gravatar.com\/avatar\/91cf7af307a86e4d99a0af09f4ac88cbadca838b06d2e9ffc1fae096a9fee84d?s=96&d=mm&r=g","contentUrl":"https:\/\/secure.gravatar.com\/avatar\/91cf7af307a86e4d99a0af09f4ac88cbadca838b06d2e9ffc1fae096a9fee84d?s=96&d=mm&r=g","caption":"Xavier Vilalta"},"description":"Head of the Tax Dept., an expert auditor with extensive experience in tax matters for national and international clients, Xavier is a specialist in tax returns (Corporation Tax, Income Tax, Form 720, Crypto Taxes, and IRNR) and international taxation, tax audits, Due Diligence, corporate, etc."}]}},"_links":{"self":[{"href":"https:\/\/etl-ilia.es\/en\/wp-json\/wp\/v2\/posts\/11576","targetHints":{"allow":["GET"]}}],"collection":[{"href":"https:\/\/etl-ilia.es\/en\/wp-json\/wp\/v2\/posts"}],"about":[{"href":"https:\/\/etl-ilia.es\/en\/wp-json\/wp\/v2\/types\/post"}],"author":[{"embeddable":true,"href":"https:\/\/etl-ilia.es\/en\/wp-json\/wp\/v2\/users\/11"}],"replies":[{"embeddable":true,"href":"https:\/\/etl-ilia.es\/en\/wp-json\/wp\/v2\/comments?post=11576"}],"version-history":[{"count":0,"href":"https:\/\/etl-ilia.es\/en\/wp-json\/wp\/v2\/posts\/11576\/revisions"}],"wp:featuredmedia":[{"embeddable":true,"href":"https:\/\/etl-ilia.es\/en\/wp-json\/wp\/v2\/media\/11562"}],"wp:attachment":[{"href":"https:\/\/etl-ilia.es\/en\/wp-json\/wp\/v2\/media?parent=11576"}],"wp:term":[{"taxonomy":"category","embeddable":true,"href":"https:\/\/etl-ilia.es\/en\/wp-json\/wp\/v2\/categories?post=11576"},{"taxonomy":"post_tag","embeddable":true,"href":"https:\/\/etl-ilia.es\/en\/wp-json\/wp\/v2\/tags?post=11576"}],"curies":[{"name":"wp","href":"https:\/\/api.w.org\/{rel}","templated":true}]}}